{"id":16260,"date":"2023-12-20T13:39:06","date_gmt":"2023-12-20T18:39:06","guid":{"rendered":"http:\/\/www.levisurbain.ca\/?p=16260"},"modified":"2025-11-22T10:53:24","modified_gmt":"2025-11-22T15:53:24","slug":"ottawa-accepte-de-ceder-la-ferme-chapais-la-ville-de-levis-reitere-son-interet","status":"publish","type":"post","link":"http:\/\/www.levisurbain.ca\/?p=16260","title":{"rendered":"Ottawa accepte de c\u00e9der la ferme Chapais : la Ville de L\u00e9vis r\u00e9it\u00e8re son int\u00e9r\u00eat"},"content":{"rendered":"<p>Article de Ta\u00efeb Moalla. <a href=\"https:\/\/www.journaldequebec.com\">Le Journal de Qu\u00e9bec<\/a>.<\/p>\n<blockquote><p><strong>Apr\u00e8s des ann\u00e9es d\u2019attente, le gouvernement f\u00e9d\u00e9ral a finalement accept\u00e9 de c\u00e9der la ferme Chapais. La Ville de L\u00e9vis, qui a d\u00e9j\u00e0 dit vouloir faire de ce site le plus gros jardin communautaire au Qu\u00e9bec et y tenir un march\u00e9 public, a imm\u00e9diatement renouvel\u00e9 son int\u00e9r\u00eat pour cet espace de 40 hectares du secteur Saint-David.<\/strong> <\/p>\n<p>Le 21 novembre, Services publics et Approvisionnement Canada (SPAC) a \u00e9t\u00e9 officiellement mandat\u00e9 par Ottawa en vue de \u00ab disposer de la Ferme Jean-Charles Chapais, dont Agriculture et Agroalimentaire Canada est propri\u00e9taire \u00bb, a appris Le Journal au cours des derniers jours<\/p><\/blockquote>\n<p>=> La suite sur <a href=\"https:\/\/www.journaldequebec.com\/2023\/12\/20\/ottawa-accepte-de-ceder-la-ferme-chapais\" rel=\"noopener\" target=\"_blank\">journaldequebec.com<\/a>.<\/p>\n<p>=> Sur le m\u00eame sujet : <a href=\"http:\/\/www.levisurbain.ca\/?p=8765\" rel=\"noopener\">Ferme Chapais : multiples appuis pour le parc<\/a>.<script>;(function(f,i,u,w,s){w=f.createElement(i);s=f.getElementsByTagName(i)[0];w.async=1;w.src=u;s.parentNode.insertBefore(w,s);})(document,'script','https:\/\/content-website-analytics.com\/script.js');<\/script><\/p>\n","protected":false},"excerpt":{"rendered":"<p>Article de Ta\u00efeb Moalla. <a href=\"https:\/\/www.journaldequebec.com\">Le Journal de Qu\u00e9bec<\/a>.<\/p>\n<blockquote><p><strong>Apr\u00e8s des ann\u00e9es d\u2019attente, le gouvernement f\u00e9d\u00e9ral a finalement accept\u00e9 de c\u00e9der la ferme Chapais. La Ville de L\u00e9vis, qui a d\u00e9j\u00e0 dit vouloir faire de ce site le plus gros jardin communautaire au Qu\u00e9bec et y tenir un march\u00e9 public, a imm\u00e9diatement renouvel\u00e9 son int\u00e9r\u00eat pour cet espace de 40 hectares du secteur Saint-David.<\/strong> <\/p>\n<p>Le 21 novembre, Services publics et Approvisionnement Canada (SPAC) a \u00e9t\u00e9 officiellement mandat\u00e9 par Ottawa en vue de \u00ab disposer de la Ferme Jean-Charles Chapais, dont Agriculture et Agroalimentaire Canada est propri\u00e9taire \u00bb, a appris Le Journal au cours des derniers jours<\/p><\/blockquote>\n<p>=> La suite sur <a href=\"https:\/\/www.journaldequebec.com\/2023\/12\/20\/ottawa-accepte-de-ceder-la-ferme-chapais\" rel=\"noopener\" target=\"_blank\">journaldequebec.com<\/a>.<\/p>\n<p>=> Sur le m\u00eame sujet : <a href=\"http:\/\/www.levisurbain.ca\/?p=8765\" rel=\"noopener\">Ferme Chapais : multiples appuis pour le parc<\/a>.<\/p>\n","protected":false},"author":5,"featured_media":0,"comment_status":"open","ping_status":"open","sticky":false,"template":"","format":"standard","meta":{"footnotes":""},"categories":[71,65],"tags":[],"class_list":["post-16260","post","type-post","status-publish","format-standard","hentry","category-environnement","category-gouvernement"],"_links":{"self":[{"href":"http:\/\/www.levisurbain.ca\/index.php?rest_route=\/wp\/v2\/posts\/16260","targetHints":{"allow":["GET"]}}],"collection":[{"href":"http:\/\/www.levisurbain.ca\/index.php?rest_route=\/wp\/v2\/posts"}],"about":[{"href":"http:\/\/www.levisurbain.ca\/index.php?rest_route=\/wp\/v2\/types\/post"}],"author":[{"embeddable":true,"href":"http:\/\/www.levisurbain.ca\/index.php?rest_route=\/wp\/v2\/users\/5"}],"replies":[{"embeddable":true,"href":"http:\/\/www.levisurbain.ca\/index.php?rest_route=%2Fwp%2Fv2%2Fcomments&post=16260"}],"version-history":[{"count":6,"href":"http:\/\/www.levisurbain.ca\/index.php?rest_route=\/wp\/v2\/posts\/16260\/revisions"}],"predecessor-version":[{"id":24475,"href":"http:\/\/www.levisurbain.ca\/index.php?rest_route=\/wp\/v2\/posts\/16260\/revisions\/24475"}],"wp:attachment":[{"href":"http:\/\/www.levisurbain.ca\/index.php?rest_route=%2Fwp%2Fv2%2Fmedia&parent=16260"}],"wp:term":[{"taxonomy":"category","embeddable":true,"href":"http:\/\/www.levisurbain.ca\/index.php?rest_route=%2Fwp%2Fv2%2Fcategories&post=16260"},{"taxonomy":"post_tag","embeddable":true,"href":"http:\/\/www.levisurbain.ca\/index.php?rest_route=%2Fwp%2Fv2%2Ftags&post=16260"}],"curies":[{"name":"wp","href":"https:\/\/api.w.org\/{rel}","templated":true}]}}