{"id":16223,"date":"2023-10-23T20:17:27","date_gmt":"2023-10-24T00:17:27","guid":{"rendered":"http:\/\/www.levisurbain.ca\/?p=16223"},"modified":"2023-10-23T20:17:27","modified_gmt":"2023-10-24T00:17:27","slug":"lehouillier-ouvert-a-taxer-plus-les-automobilistes-pour-financer-la-stlevis","status":"publish","type":"post","link":"http:\/\/www.levisurbain.ca\/?p=16223","title":{"rendered":"Lehouillier ouvert \u00e0 taxer plus les automobilistes pour financer la STL\u00e9vis"},"content":{"rendered":"<p>Selon un reportage de Louis Gagn\u00e9. <a href=\"https:\/\/ici.radio-canada.ca\/quebec\" target=\"_blank\" rel=\"noopener\">Ici Radio-Canada.ca &#8211; Section Qu\u00e9bec<\/a>.<\/p>\n<blockquote><p>Le maire de L\u00e9vis ne ferme pas la porte \u00e0 l\u2019id\u00e9e d\u2019augmenter la taxe sur l\u2019immatriculation pour mieux financer le transport collectif. Mais avant de faire une telle demande au gouvernement Legault, Gilles Lehouillier souhaite d\u2019abord s\u2019assurer que la contribution annuelle de 30 $ que paient d\u00e9j\u00e0 les automobilistes l\u00e9visiens aille en totalit\u00e9 \u00e0 la STL\u00e9vis.<\/p>\n<p>Le maire affirme que cette situation prive la soci\u00e9t\u00e9 de transport d\u2019un montant d\u2019environ 1,5 million de dollars par ann\u00e9e. Il dit avoir bon espoir d\u2019en arriver sous peu \u00e0 une entente avec Qu\u00e9bec.<\/p>\n<p>Gilles Lehouillier reconna\u00eet toutefois que m\u00eame s\u2019il parvient \u00e0 r\u00e9gler ce dossier, la STL\u00e9vis aura besoin d\u2019un financement additionnel pour continuer \u00e0 d\u00e9velopper ses services. Il soutient que l\u2019aide propos\u00e9e par Qu\u00e9bec pour \u00e9ponger les d\u00e9ficits anticip\u00e9s des soci\u00e9t\u00e9s de transport d\u2019ici 2028 ne sera pas suffisante.<\/p>\n<p><strong>Manque \u00e0 gagner<\/strong><br \/>\nLa ministre des Transports et de la Mobilit\u00e9 durable, Genevi\u00e8ve Guilbault, a offert aux principales soci\u00e9t\u00e9s situ\u00e9es \u00e0 l\u2019ext\u00e9rieur de la r\u00e9gion m\u00e9tropolitaine de Montr\u00e9al, soit celles de Qu\u00e9bec, Trois-Rivi\u00e8res, L\u00e9vis, Gatineau, Sherbrooke et Saguenay, un maigre 22 millions $ au cours des 5 prochaines ann\u00e9es, alors que leurs d\u00e9ficits projet\u00e9s totalisent 268 millions $.<\/p><\/blockquote>\n<p>=&gt; La suite sur <a href=\"https:\/\/ici.radio-canada.ca\/nouvelle\/2020605\/taxe-immatriculation-financement-transport-collectif-levis\" target=\"_blank\" rel=\"noopener\">Ici.Radio-Canada.ca<\/a>.<\/p>\n","protected":false},"excerpt":{"rendered":"<p>Selon un reportage de Louis Gagn\u00e9. Ici Radio-Canada.ca &#8211; Section Qu\u00e9bec. Le maire de L\u00e9vis ne ferme pas la porte \u00e0 l\u2019id\u00e9e d\u2019augmenter la taxe sur l\u2019immatriculation pour mieux financer le transport collectif. Mais avant de faire une telle demande au gouvernement Legault, Gilles Lehouillier souhaite d\u2019abord s\u2019assurer que la contribution annuelle de 30 $\u2026 <span class=\"read-more\"><a href=\"http:\/\/www.levisurbain.ca\/?p=16223\">Lire la suite &raquo;<\/a><\/span><\/p>\n","protected":false},"author":1,"featured_media":0,"comment_status":"open","ping_status":"open","sticky":false,"template":"","format":"standard","meta":{"footnotes":""},"categories":[60],"tags":[],"class_list":["post-16223","post","type-post","status-publish","format-standard","hentry","category-transports"],"_links":{"self":[{"href":"http:\/\/www.levisurbain.ca\/index.php?rest_route=\/wp\/v2\/posts\/16223","targetHints":{"allow":["GET"]}}],"collection":[{"href":"http:\/\/www.levisurbain.ca\/index.php?rest_route=\/wp\/v2\/posts"}],"about":[{"href":"http:\/\/www.levisurbain.ca\/index.php?rest_route=\/wp\/v2\/types\/post"}],"author":[{"embeddable":true,"href":"http:\/\/www.levisurbain.ca\/index.php?rest_route=\/wp\/v2\/users\/1"}],"replies":[{"embeddable":true,"href":"http:\/\/www.levisurbain.ca\/index.php?rest_route=%2Fwp%2Fv2%2Fcomments&post=16223"}],"version-history":[{"count":3,"href":"http:\/\/www.levisurbain.ca\/index.php?rest_route=\/wp\/v2\/posts\/16223\/revisions"}],"predecessor-version":[{"id":16226,"href":"http:\/\/www.levisurbain.ca\/index.php?rest_route=\/wp\/v2\/posts\/16223\/revisions\/16226"}],"wp:attachment":[{"href":"http:\/\/www.levisurbain.ca\/index.php?rest_route=%2Fwp%2Fv2%2Fmedia&parent=16223"}],"wp:term":[{"taxonomy":"category","embeddable":true,"href":"http:\/\/www.levisurbain.ca\/index.php?rest_route=%2Fwp%2Fv2%2Fcategories&post=16223"},{"taxonomy":"post_tag","embeddable":true,"href":"http:\/\/www.levisurbain.ca\/index.php?rest_route=%2Fwp%2Fv2%2Ftags&post=16223"}],"curies":[{"name":"wp","href":"https:\/\/api.w.org\/{rel}","templated":true}]}}