{"id":16203,"date":"2023-10-12T08:18:53","date_gmt":"2023-10-12T12:18:53","guid":{"rendered":"http:\/\/www.levisurbain.ca\/?p=16203"},"modified":"2023-10-17T12:51:25","modified_gmt":"2023-10-17T16:51:25","slug":"un-nouveau-fab-lab-a-levis","status":"publish","type":"post","link":"http:\/\/www.levisurbain.ca\/?p=16203","title":{"rendered":"Un nouveau Fab Lab \u00e0 L\u00e9vis"},"content":{"rendered":"<p>Article de Catherine D&rsquo;Amours. <a href=\"https:\/\/journaldelevis.com\" target=\"_blank\" rel=\"noopener\">Le Journal de L\u00e9vis<\/a>.<\/p>\n<div id=\"attachment_16204\" style=\"width: 510px\" class=\"wp-caption aligncenter\"><img loading=\"lazy\" decoding=\"async\" aria-describedby=\"caption-attachment-16204\" class=\"size-full wp-image-16204\" src=\"http:\/\/www.levisurbain.ca\/wp-content\/uploads\/fatlab_jdlevis_12102023.jpg\" alt=\"\" width=\"500\" height=\"337\" srcset=\"http:\/\/www.levisurbain.ca\/wp-content\/uploads\/fatlab_jdlevis_12102023.jpg 500w, http:\/\/www.levisurbain.ca\/wp-content\/uploads\/fatlab_jdlevis_12102023-300x202.jpg 300w\" sizes=\"auto, (max-width: 500px) 100vw, 500px\" \/><p id=\"caption-attachment-16204\" class=\"wp-caption-text\">En plus des activit\u00e9s libres du Fab Lab, le Patro de L\u00e9vis offrira des cours et des formations en lien avec celui-ci. Photo : Catherine D&rsquo;Amours.<\/p><\/div>\n<blockquote><p><strong>Le Patro de L\u00e9vis lance son nouveau projet, un Fab Lab. Appel\u00e9 Creatio, le laboratoire de fabrication est ouvert \u00e0 tous. Les jeunes et moins jeunes pourront venir explorer ce monde technologique du 29 septembre au 1er octobre, lors de la fin de semaine de lancement de ce dernier.<\/strong><\/p>\n<p>\u00ab C\u2019est un environnement de cr\u00e9ation avec les technologies d\u2019aujourd\u2019hui. Les gens vont pouvoir venir d\u00e9couvrir ce monde-l\u00e0 qui n\u2019est pas encore n\u00e9cessairement accessible dans les foyers \u00bb, explique la coordonnatrice du projet, Anne-Marie Caron.<\/p>\n<p>Parmi les nombreux objets de cr\u00e9ation, le Fab Lab du Patro de L\u00e9vis poss\u00e8de cinq imprimantes 3D, une d\u00e9coupeuse et perforeuse pour le bois CNC, une d\u00e9coupeuse laser Glowforge et la Cricut, une d\u00e9coupeuse de vinyle. Ce qui rattache tous ces instruments, c\u2019est le fait de pouvoir cr\u00e9er par ordinateur ce que l\u2019on veut faire. Que la cr\u00e9ation soit faite \u00e0 100 % par le participant ou \u00e0 partir d\u2019un plan libre de droits sur Internet, rien n\u2019est impossible dans ce laboratoire.<\/p>\n<p>\u00ab Le but d\u2019un Fab Lab aussi c\u2019est de pouvoir recycler. Par exemple, ton bouton pour ton four est bris\u00e9, au lieu de changer le four au complet, tu peux venir produire ton bouton \u00bb, ajoute Anne-Marie Caron.<!--more--><\/p>\n<p><a name=\"more\"><\/a><\/p>\n<p>Le projet a vu le jour gr\u00e2ce \u00e0 la proposition et l\u2019implication de Martin Boucher, b\u00e9n\u00e9vole pour le Patro de L\u00e9vis. Les Fab Labs existent d\u00e9j\u00e0 partout \u00e0 travers le monde et constituent une communaut\u00e9 de gens qui sont passionn\u00e9s et qui communiquent ensemble. La biblioth\u00e8que de Saint-Jean-Chrysostome en poss\u00e8de d\u00e9j\u00e0 un, mais \u00e0 plus petite \u00e9chelle.<\/p>\n<p>\u00ab Les Fab Labs sont n\u00e9s au Massachusetts Institute of Technology (MIT). Il existe aussi un r\u00e9seau au Qu\u00e9bec qui est l\u00e0 pour supporter la communaut\u00e9. Ils peuvent r\u00e9pondre \u00e0 nos questions et nous aider. Martin Boucher est donc venu nous voir et il a particip\u00e9 au d\u00e9veloppement du projet depuis trois ans \u00bb, souligne Anne-Marie Caron.<\/p>\n<p><strong>Quand l\u2019entraide se m\u00e9lange \u00e0 la technologie<\/strong><br \/>\nBien que chacun puisse venir en son temps pour compl\u00e9ter son projet au Fab Lab, la vision du Patro est de cr\u00e9er une communaut\u00e9 de gens passionn\u00e9s par la cr\u00e9ation technologique ainsi que le d\u00e9veloppement de l\u2019entraide en ce sens.<\/p>\n<p>\u00ab En tr\u00e8s peu de temps, j\u2019ai appris \u00e0 conna\u00eetre ces machines. C\u2019est accessible pour tout le monde. Personne n\u2019est \u00e0 l\u2019abri qu\u2019un projet ne fonctionne pas, mais le but c\u2019est que ce soit ouvert \u00e0 tous et que les gens puissent s\u2019entraider entre eux \u00bb, raconte Anne-Marie Caron.<\/p>\n<p>Un employ\u00e9 du Patro sera toujours sur place afin d\u2019aider les participants et r\u00e9pondre \u00e0 leurs questions. Les gens pourront aussi s\u2019entraider entre exp\u00e9riment\u00e9s et moins exp\u00e9riment\u00e9s. Le Fab Lab poss\u00e8de aussi une salle connexe o\u00f9 les participants pourront s\u2019installer afin de cr\u00e9er leur pi\u00e8ce avant de passer \u00e0 l\u2019action.<\/p>\n<p>\u00ab Comme nous utilisons des logiciels libres de droits et gratuits, les gens pourront m\u00eame cr\u00e9er leur projet \u00e0 partir de leur propre ordinateur n\u2019importe o\u00f9 dans le Patro ou m\u00eame chez eux \u00bb, ajoute-t-elle.<\/p>\n<p>Fonctionnant sous forme d\u2019abonnement, les familles, les adultes et les \u00e9tudiants pourront s\u2019inscrire afin d\u2019avoir acc\u00e8s aux installations. Les abonnements sont disponibles en tout temps, mais la fin de semaine du lancement sera pr\u00e9pond\u00e9rante dans l\u2019accueil des nouveaux membres.<\/p>\n<p>\u00ab Nous avons cr\u00e9\u00e9 ce projet parce que \u00e7a cadre bien avec les valeurs du Patro. Tous les moyens sont bons pour que l\u2019on puisse cr\u00e9er des \u00e9changes entre les humains. Le Patro est aussi toujours \u00e0 la recherche de nouvelles activit\u00e9s et le Fab Lab est vraiment une bonne activit\u00e9 pour stimuler la cr\u00e9ativit\u00e9 et c\u2019est ce que nous voulions \u00bb, concluent le charg\u00e9 de projet, Beno\u00eet Dupuy, et Anne-Marie Caron.<\/p>\n<p>Pour plus d\u2019information sur le Fab Lab, allez au <a href=\"http:\/\/www.patrolevis.com\/fablab\" target=\"_blank\" rel=\"noopener\">www.patrolevis.com\/fablab<\/a>.<\/p><\/blockquote>\n<p><a href=\"http:\/\/www.journaldelevis.com\/\" target=\"_blank\" rel=\"noopener noreferrer\"><img decoding=\"async\" src=\"http:\/\/www.levisurbain.ca\/wp-content\/uploads\/2017\/04\/jdl_logo2012.png\" alt=\"\" \/><\/a><br \/>\nReproduit avec autorisation.<\/p>\n","protected":false},"excerpt":{"rendered":"<p>Article de Catherine D&rsquo;Amours. Le Journal de L\u00e9vis. Le Patro de L\u00e9vis lance son nouveau projet, un Fab Lab. Appel\u00e9 Creatio, le laboratoire de fabrication est ouvert \u00e0 tous. Les jeunes et moins jeunes pourront venir explorer ce monde technologique du 29 septembre au 1er octobre, lors de la fin de semaine de lancement de\u2026 <span class=\"read-more\"><a href=\"http:\/\/www.levisurbain.ca\/?p=16203\">Lire la suite &raquo;<\/a><\/span><\/p>\n","protected":false},"author":1,"featured_media":0,"comment_status":"open","ping_status":"open","sticky":false,"template":"","format":"standard","meta":{"footnotes":""},"categories":[57],"tags":[],"class_list":["post-16203","post","type-post","status-publish","format-standard","hentry","category-sports-arts-loisirs"],"_links":{"self":[{"href":"http:\/\/www.levisurbain.ca\/index.php?rest_route=\/wp\/v2\/posts\/16203","targetHints":{"allow":["GET"]}}],"collection":[{"href":"http:\/\/www.levisurbain.ca\/index.php?rest_route=\/wp\/v2\/posts"}],"about":[{"href":"http:\/\/www.levisurbain.ca\/index.php?rest_route=\/wp\/v2\/types\/post"}],"author":[{"embeddable":true,"href":"http:\/\/www.levisurbain.ca\/index.php?rest_route=\/wp\/v2\/users\/1"}],"replies":[{"embeddable":true,"href":"http:\/\/www.levisurbain.ca\/index.php?rest_route=%2Fwp%2Fv2%2Fcomments&post=16203"}],"version-history":[{"count":5,"href":"http:\/\/www.levisurbain.ca\/index.php?rest_route=\/wp\/v2\/posts\/16203\/revisions"}],"predecessor-version":[{"id":16219,"href":"http:\/\/www.levisurbain.ca\/index.php?rest_route=\/wp\/v2\/posts\/16203\/revisions\/16219"}],"wp:attachment":[{"href":"http:\/\/www.levisurbain.ca\/index.php?rest_route=%2Fwp%2Fv2%2Fmedia&parent=16203"}],"wp:term":[{"taxonomy":"category","embeddable":true,"href":"http:\/\/www.levisurbain.ca\/index.php?rest_route=%2Fwp%2Fv2%2Fcategories&post=16203"},{"taxonomy":"post_tag","embeddable":true,"href":"http:\/\/www.levisurbain.ca\/index.php?rest_route=%2Fwp%2Fv2%2Ftags&post=16203"}],"curies":[{"name":"wp","href":"https:\/\/api.w.org\/{rel}","templated":true}]}}