{"id":16033,"date":"2023-06-21T14:03:07","date_gmt":"2023-06-21T18:03:07","guid":{"rendered":"http:\/\/www.levisurbain.ca\/?p=16033"},"modified":"2023-06-27T23:26:49","modified_gmt":"2023-06-28T03:26:49","slug":"projet-de-transport-collectif-et-actif-sur-le-boulevard-guillaume-couture","status":"publish","type":"post","link":"http:\/\/www.levisurbain.ca\/?p=16033","title":{"rendered":"Projet de transport collectif et actif sur le boulevard Guillaume-Couture"},"content":{"rendered":"<p>Article de la Ville de L\u00e9vis.<\/p>\n<div id=\"c10077\" class=\"csc-frame csc-frame-default\">\n<p style=\"text-align: center;\"><img loading=\"lazy\" decoding=\"async\" class=\"aligncenter size-full wp-image-16035\" src=\"http:\/\/www.levisurbain.ca\/wp-content\/uploads\/G-prendra300x250.png\" alt=\"\" width=\"300\" height=\"250\" \/><\/p>\n<blockquote><p><strong>Projet de transport collectif et actif sur le boulevard Guillaume-Couture<\/strong><\/p>\n<p>D\u00e9couvrez le nouveau Guillaume<\/p>\n<p>Le projet de transport collectif et actif sur le boulevard Guillaume-Couture consiste \u00e0 ajouter des voies r\u00e9serv\u00e9es et une piste multifonctionnelle aux deux endroits les plus congestionn\u00e9s du boulevard\u00a0:<\/p>\n<ul>\n<li class=\"even first\">Entre chemin du Sault et rue de Mercure, secteur Saint-Romuald<\/li>\n<li class=\"last\">Entre route du Pr\u00e9sident-Kennedy et rue Saint-Omer, secteur L\u00e9vis<\/li>\n<\/ul>\n<p><a href=\"https:\/\/www.ville.levis.qc.ca\/transport-et-infrastructures\/projet-de-transport-collectif-et-actif-sur-le-boulevard-guillaume-couture\/\" target=\"_blank\" rel=\"noopener\">Lien externe vers la Ville de L\u00e9vis<\/a><\/p><\/blockquote>\n<\/div>\n","protected":false},"excerpt":{"rendered":"<p>Article de la Ville de L\u00e9vis. Projet de transport collectif et actif sur le boulevard Guillaume-Couture D\u00e9couvrez le nouveau Guillaume Le projet de transport collectif et actif sur le boulevard Guillaume-Couture consiste \u00e0 ajouter des voies r\u00e9serv\u00e9es et une piste multifonctionnelle aux deux endroits les plus congestionn\u00e9s du boulevard\u00a0: Entre chemin du Sault et rue\u2026 <span class=\"read-more\"><a href=\"http:\/\/www.levisurbain.ca\/?p=16033\">Lire la suite &raquo;<\/a><\/span><\/p>\n","protected":false},"author":1,"featured_media":0,"comment_status":"open","ping_status":"open","sticky":false,"template":"","format":"standard","meta":{"footnotes":""},"categories":[60],"tags":[],"class_list":["post-16033","post","type-post","status-publish","format-standard","hentry","category-transports"],"_links":{"self":[{"href":"http:\/\/www.levisurbain.ca\/index.php?rest_route=\/wp\/v2\/posts\/16033","targetHints":{"allow":["GET"]}}],"collection":[{"href":"http:\/\/www.levisurbain.ca\/index.php?rest_route=\/wp\/v2\/posts"}],"about":[{"href":"http:\/\/www.levisurbain.ca\/index.php?rest_route=\/wp\/v2\/types\/post"}],"author":[{"embeddable":true,"href":"http:\/\/www.levisurbain.ca\/index.php?rest_route=\/wp\/v2\/users\/1"}],"replies":[{"embeddable":true,"href":"http:\/\/www.levisurbain.ca\/index.php?rest_route=%2Fwp%2Fv2%2Fcomments&post=16033"}],"version-history":[{"count":3,"href":"http:\/\/www.levisurbain.ca\/index.php?rest_route=\/wp\/v2\/posts\/16033\/revisions"}],"predecessor-version":[{"id":16044,"href":"http:\/\/www.levisurbain.ca\/index.php?rest_route=\/wp\/v2\/posts\/16033\/revisions\/16044"}],"wp:attachment":[{"href":"http:\/\/www.levisurbain.ca\/index.php?rest_route=%2Fwp%2Fv2%2Fmedia&parent=16033"}],"wp:term":[{"taxonomy":"category","embeddable":true,"href":"http:\/\/www.levisurbain.ca\/index.php?rest_route=%2Fwp%2Fv2%2Fcategories&post=16033"},{"taxonomy":"post_tag","embeddable":true,"href":"http:\/\/www.levisurbain.ca\/index.php?rest_route=%2Fwp%2Fv2%2Ftags&post=16033"}],"curies":[{"name":"wp","href":"https:\/\/api.w.org\/{rel}","templated":true}]}}