{"id":16027,"date":"2023-06-21T13:55:40","date_gmt":"2023-06-21T17:55:40","guid":{"rendered":"http:\/\/www.levisurbain.ca\/?p=16027"},"modified":"2023-06-27T23:27:55","modified_gmt":"2023-06-28T03:27:55","slug":"ouverture-officielle-festive-pour-long-mcquade-a-levis","status":"publish","type":"post","link":"http:\/\/www.levisurbain.ca\/?p=16027","title":{"rendered":"Ouverture officielle festive pour Long &#038; McQuade \u00e0 L\u00e9vis"},"content":{"rendered":"<p>Article de \u00c9rick Desch\u00eanes. <a href=\"https:\/\/journaldelevis.com\" target=\"_blank\" rel=\"noopener\">Le Journal de L\u00e9vis<\/a>.<\/p>\n<p><strong>Accueillant depuis f\u00e9vrier les m\u00e9lomanes de la r\u00e9gion, la succursale <a href=\"https:\/\/www.long-mcquade.com\" target=\"_blank\" rel=\"noopener\">Long &amp; McQuade<\/a> ouvrira officiellement ses portes le samedi 10 juin prochain. Pour l\u2019occasion, les artisans du commerce situ\u00e9 au 5850, rue des Arpents proposeront une s\u00e9rie d\u2019activit\u00e9s aux gens de la r\u00e9gion.<\/strong><\/p>\n<div id=\"attachment_16029\" style=\"width: 610px\" class=\"wp-caption aligncenter\"><img loading=\"lazy\" decoding=\"async\" aria-describedby=\"caption-attachment-16029\" class=\"size-full wp-image-16029\" src=\"http:\/\/www.levisurbain.ca\/wp-content\/uploads\/long_mcquade_jdlevis_21062023.jpg\" alt=\"\" width=\"600\" height=\"452\" srcset=\"http:\/\/www.levisurbain.ca\/wp-content\/uploads\/long_mcquade_jdlevis_21062023.jpg 600w, http:\/\/www.levisurbain.ca\/wp-content\/uploads\/long_mcquade_jdlevis_21062023-300x226.jpg 300w\" sizes=\"auto, (max-width: 600px) 100vw, 600px\" \/><p id=\"caption-attachment-16029\" class=\"wp-caption-text\">Photo : Courtoisie.<\/p><\/div>\n<blockquote><p>\u00ab Avec cette ouverture officielle, nous voulons remercier \u00e0 l\u2019avance notre future client\u00e8le et nos clients actuels. On veut bien s\u2019implanter \u00e0 L\u00e9vis \u00bb, a partag\u00e9 Jean-Thierry Demers, le g\u00e9rant de la nouvelle boutique.<\/p>\n<p>Coup\u00e9 du ruban, prestations musicales, dont du guitariste Robert Godin et de l\u2019artiste multidisciplinaire Jean-Benoit Lemire, tirages et nourriture gratuite \u00e9gayeront les visiteurs \u00e0 partir de la matin\u00e9e du 10 juin.<\/p>\n<p>Rappelons finalement qu\u2019avec son \u00e9quipe comptant pr\u00e8s d\u2019une dizaine d\u2019employ\u00e9s, Long &amp; McQuade L\u00e9vis vend et loue des instruments de musique, mais propose \u00e9galement des cours de musique.<\/p><\/blockquote>\n<p><a href=\"http:\/\/www.journaldelevis.com\/\" target=\"_blank\" rel=\"noopener noreferrer\"><img decoding=\"async\" src=\"http:\/\/www.levisurbain.ca\/wp-content\/uploads\/2017\/04\/jdl_logo2012.png\" alt=\"\" \/><\/a><br \/>\nReproduit avec autorisation.<\/p>\n","protected":false},"excerpt":{"rendered":"<p>Article de \u00c9rick Desch\u00eanes. Le Journal de L\u00e9vis. Accueillant depuis f\u00e9vrier les m\u00e9lomanes de la r\u00e9gion, la succursale Long &amp; McQuade ouvrira officiellement ses portes le samedi 10 juin prochain. Pour l\u2019occasion, les artisans du commerce situ\u00e9 au 5850, rue des Arpents proposeront une s\u00e9rie d\u2019activit\u00e9s aux gens de la r\u00e9gion. \u00ab Avec cette ouverture\u2026 <span class=\"read-more\"><a href=\"http:\/\/www.levisurbain.ca\/?p=16027\">Lire la suite &raquo;<\/a><\/span><\/p>\n","protected":false},"author":1,"featured_media":0,"comment_status":"open","ping_status":"open","sticky":false,"template":"","format":"standard","meta":{"footnotes":""},"categories":[58],"tags":[],"class_list":["post-16027","post","type-post","status-publish","format-standard","hentry","category-commerce-economie"],"_links":{"self":[{"href":"http:\/\/www.levisurbain.ca\/index.php?rest_route=\/wp\/v2\/posts\/16027","targetHints":{"allow":["GET"]}}],"collection":[{"href":"http:\/\/www.levisurbain.ca\/index.php?rest_route=\/wp\/v2\/posts"}],"about":[{"href":"http:\/\/www.levisurbain.ca\/index.php?rest_route=\/wp\/v2\/types\/post"}],"author":[{"embeddable":true,"href":"http:\/\/www.levisurbain.ca\/index.php?rest_route=\/wp\/v2\/users\/1"}],"replies":[{"embeddable":true,"href":"http:\/\/www.levisurbain.ca\/index.php?rest_route=%2Fwp%2Fv2%2Fcomments&post=16027"}],"version-history":[{"count":5,"href":"http:\/\/www.levisurbain.ca\/index.php?rest_route=\/wp\/v2\/posts\/16027\/revisions"}],"predecessor-version":[{"id":16045,"href":"http:\/\/www.levisurbain.ca\/index.php?rest_route=\/wp\/v2\/posts\/16027\/revisions\/16045"}],"wp:attachment":[{"href":"http:\/\/www.levisurbain.ca\/index.php?rest_route=%2Fwp%2Fv2%2Fmedia&parent=16027"}],"wp:term":[{"taxonomy":"category","embeddable":true,"href":"http:\/\/www.levisurbain.ca\/index.php?rest_route=%2Fwp%2Fv2%2Fcategories&post=16027"},{"taxonomy":"post_tag","embeddable":true,"href":"http:\/\/www.levisurbain.ca\/index.php?rest_route=%2Fwp%2Fv2%2Ftags&post=16027"}],"curies":[{"name":"wp","href":"https:\/\/api.w.org\/{rel}","templated":true}]}}