{"id":15845,"date":"2023-02-25T10:26:18","date_gmt":"2023-02-25T15:26:18","guid":{"rendered":"http:\/\/www.levisurbain.ca\/?p=15845"},"modified":"2023-02-25T10:26:18","modified_gmt":"2023-02-25T15:26:18","slug":"les-chauffeurs-de-la-stlevis-acceptent-lentente-de-principe-la-greve-prend-fin-samedi","status":"publish","type":"post","link":"http:\/\/www.levisurbain.ca\/?p=15845","title":{"rendered":"Les chauffeurs de la STL\u00e9vis acceptent l\u2019entente de principe, la gr\u00e8ve prend fin samedi"},"content":{"rendered":"<p>Article de Flavie Villeneuve, <a href=\"https:\/\/ici.radio-canada.ca\/quebec\" target=\"_blank\" rel=\"noopener\">ICI Radio-Canada.ca &#8211; Section Qu\u00e9bec<\/a>.<\/p>\n<blockquote><p><strong>Les chauffeurs de la Soci\u00e9t\u00e9 de transport de L\u00e9vis (STL\u00e9vis) ont accept\u00e9 \u00e0 72\u00a0% l&rsquo;entente de principe conclue entre l&#8217;employeur et le syndicat au terme de n\u00e9gociations houleuses.<\/strong><\/p>\n<p>Le transport en commun pourra donc reprendre d\u00e8s samedi matin pour les L\u00e9visiens, gr\u00e2ce \u00e0 la signature de cette entente. Toutes les lignes normalement assur\u00e9es par la StL\u00e9vis. Toutes les lignes normalement assur\u00e9es par la StL\u00e9vis. Elles reprendront leur service selon l\u2019horaire habituel assure le syndicat.<\/p><\/blockquote>\n<p>=&gt; La suite sur <a href=\"https:\/\/ici.radio-canada.ca\/nouvelle\/1959018\/greve-levis-vote-entente-principe\" target=\"_blank\" rel=\"noopener\">ici.radio-canada.ca<\/a>.<\/p>\n","protected":false},"excerpt":{"rendered":"<p>Article de Flavie Villeneuve, ICI Radio-Canada.ca &#8211; Section Qu\u00e9bec. Les chauffeurs de la Soci\u00e9t\u00e9 de transport de L\u00e9vis (STL\u00e9vis) ont accept\u00e9 \u00e0 72\u00a0% l&rsquo;entente de principe conclue entre l&#8217;employeur et le syndicat au terme de n\u00e9gociations houleuses. Le transport en commun pourra donc reprendre d\u00e8s samedi matin pour les L\u00e9visiens, gr\u00e2ce \u00e0 la signature de\u2026 <span class=\"read-more\"><a href=\"http:\/\/www.levisurbain.ca\/?p=15845\">Lire la suite &raquo;<\/a><\/span><\/p>\n","protected":false},"author":1,"featured_media":0,"comment_status":"open","ping_status":"open","sticky":false,"template":"","format":"standard","meta":{"footnotes":""},"categories":[60],"tags":[],"class_list":["post-15845","post","type-post","status-publish","format-standard","hentry","category-transports"],"_links":{"self":[{"href":"http:\/\/www.levisurbain.ca\/index.php?rest_route=\/wp\/v2\/posts\/15845","targetHints":{"allow":["GET"]}}],"collection":[{"href":"http:\/\/www.levisurbain.ca\/index.php?rest_route=\/wp\/v2\/posts"}],"about":[{"href":"http:\/\/www.levisurbain.ca\/index.php?rest_route=\/wp\/v2\/types\/post"}],"author":[{"embeddable":true,"href":"http:\/\/www.levisurbain.ca\/index.php?rest_route=\/wp\/v2\/users\/1"}],"replies":[{"embeddable":true,"href":"http:\/\/www.levisurbain.ca\/index.php?rest_route=%2Fwp%2Fv2%2Fcomments&post=15845"}],"version-history":[{"count":5,"href":"http:\/\/www.levisurbain.ca\/index.php?rest_route=\/wp\/v2\/posts\/15845\/revisions"}],"predecessor-version":[{"id":15889,"href":"http:\/\/www.levisurbain.ca\/index.php?rest_route=\/wp\/v2\/posts\/15845\/revisions\/15889"}],"wp:attachment":[{"href":"http:\/\/www.levisurbain.ca\/index.php?rest_route=%2Fwp%2Fv2%2Fmedia&parent=15845"}],"wp:term":[{"taxonomy":"category","embeddable":true,"href":"http:\/\/www.levisurbain.ca\/index.php?rest_route=%2Fwp%2Fv2%2Fcategories&post=15845"},{"taxonomy":"post_tag","embeddable":true,"href":"http:\/\/www.levisurbain.ca\/index.php?rest_route=%2Fwp%2Fv2%2Ftags&post=15845"}],"curies":[{"name":"wp","href":"https:\/\/api.w.org\/{rel}","templated":true}]}}