{"id":15829,"date":"2023-02-17T09:15:43","date_gmt":"2023-02-17T14:15:43","guid":{"rendered":"http:\/\/www.levisurbain.ca\/?p=15829"},"modified":"2023-02-19T16:55:15","modified_gmt":"2023-02-19T21:55:15","slug":"le-provigo-de-lauzon-sera-transforme-en-maxi","status":"publish","type":"post","link":"http:\/\/www.levisurbain.ca\/?p=15829","title":{"rendered":"Le Provigo de Lauzon sera transform\u00e9 en Maxi"},"content":{"rendered":"<p>Article de \u00c9rick Desch\u00eanes, <a href=\"https:\/\/www.journaldelevis.com\/\" target=\"_blank\" rel=\"noopener\">Le Journal de L\u00e9vis<\/a>.<\/p>\n<div id=\"attachment_15830\" style=\"width: 610px\" class=\"wp-caption aligncenter\"><img loading=\"lazy\" decoding=\"async\" aria-describedby=\"caption-attachment-15830\" class=\"size-full wp-image-15830\" src=\"http:\/\/www.levisurbain.ca\/wp-content\/uploads\/provigo_lauzon_jdlevis_170223.jpg\" alt=\"\" width=\"600\" height=\"402\" srcset=\"http:\/\/www.levisurbain.ca\/wp-content\/uploads\/provigo_lauzon_jdlevis_170223.jpg 600w, http:\/\/www.levisurbain.ca\/wp-content\/uploads\/provigo_lauzon_jdlevis_170223-300x201.jpg 300w\" sizes=\"auto, (max-width: 600px) 100vw, 600px\" \/><p id=\"caption-attachment-15830\" class=\"wp-caption-text\">Le Provigo de Lauzon lors d&rsquo;une activit\u00e9 promotionnelle, en 2016.<br \/>Photo : \u00c9rick Desch\u00eanes &#8211; Archives.<\/p><\/div>\n<blockquote><p><strong>Loblaw a confirm\u00e9 que l&rsquo;\u00e9picerie Provigo situ\u00e9e dans les Galeries du Vieux-Fort, \u00e0 Lauzon, sera transform\u00e9e en un march\u00e9 Maxi au cours des prochains mois.<\/strong><\/p>\n<p>\u00ab Nous avons la chance de pouvoir compter sur deux banni\u00e8res compl\u00e9mentaires et nous proc\u00e9dons \u00e0 une revue et une optimisation de notre r\u00e9seau de magasins en proc\u00e9dant au besoin \u00e0 une conversion de format. Cette analyse du r\u00e9seau a d\u00e9montr\u00e9 que la proposition d&rsquo;un Maxi serait encore mieux adapt\u00e9e aux attentes et aux besoins de la client\u00e8le de ce secteur de L\u00e9vis. Nous sommes persuad\u00e9s que l&rsquo;offre de Maxi et son concept 3.0, ax\u00e9s sur les bas prix, mais aussi sur la fra\u00eecheur et la vari\u00e9t\u00e9, saura r\u00e9pondre mieux que quiconque aux attentes de la client\u00e8le \u00bb, a expliqu\u00e9 Johanne H\u00e9roux, directrice principale des affaires corporatives et communications chez Loblaw.<\/p>\n<p>Aucune date d&rsquo;ouverture officielle de ce march\u00e9 Maxi n&rsquo;a encore \u00e9t\u00e9 confirm\u00e9e, mais les travaux de transformation du Provigo en \u00e9picerie de cette banni\u00e8re devraient s&rsquo;amorcer ce printemps et s&rsquo;\u00e9chelonner sur quelques semaines.<\/p>\n<p>Loblaw a \u00e9galement indiqu\u00e9 que tous les employ\u00e9s de l&rsquo;\u00e9picerie Provigo de Lauzon qui le souhaitent pourront conserver leur emploi. \u00ab Maxi compte m\u00eame embaucher de nouveaux employ\u00e9s en vue de la conversion \u00bb, a ajout\u00e9 Mme H\u00e9roux.<\/p>\n<p>Notons finalement que Loblaw a affirm\u00e9 qu&rsquo;il n&rsquo;y a pas de \u00abfermeture pr\u00e9vue\u00bb pour l&rsquo;autre \u00e9picerie Provigo du quartier L\u00e9vis, situ\u00e9e sur la rue Saint-Georges dans le secteur Bienville.<\/p><\/blockquote>\n<p><a href=\"http:\/\/www.journaldelevis.com\/\" target=\"_blank\" rel=\"noopener noreferrer\"><img decoding=\"async\" src=\"http:\/\/www.levisurbain.ca\/wp-content\/uploads\/2017\/04\/jdl_logo2012.png\" alt=\"\" \/><\/a><br \/>\nReproduit avec autorisation.<\/p>\n","protected":false},"excerpt":{"rendered":"<p>Article de \u00c9rick Desch\u00eanes, Le Journal de L\u00e9vis. Loblaw a confirm\u00e9 que l&rsquo;\u00e9picerie Provigo situ\u00e9e dans les Galeries du Vieux-Fort, \u00e0 Lauzon, sera transform\u00e9e en un march\u00e9 Maxi au cours des prochains mois. \u00ab Nous avons la chance de pouvoir compter sur deux banni\u00e8res compl\u00e9mentaires et nous proc\u00e9dons \u00e0 une revue et une optimisation de\u2026 <span class=\"read-more\"><a href=\"http:\/\/www.levisurbain.ca\/?p=15829\">Lire la suite &raquo;<\/a><\/span><\/p>\n","protected":false},"author":1,"featured_media":0,"comment_status":"open","ping_status":"open","sticky":false,"template":"","format":"standard","meta":{"footnotes":""},"categories":[58],"tags":[],"class_list":["post-15829","post","type-post","status-publish","format-standard","hentry","category-commerce-economie"],"_links":{"self":[{"href":"http:\/\/www.levisurbain.ca\/index.php?rest_route=\/wp\/v2\/posts\/15829","targetHints":{"allow":["GET"]}}],"collection":[{"href":"http:\/\/www.levisurbain.ca\/index.php?rest_route=\/wp\/v2\/posts"}],"about":[{"href":"http:\/\/www.levisurbain.ca\/index.php?rest_route=\/wp\/v2\/types\/post"}],"author":[{"embeddable":true,"href":"http:\/\/www.levisurbain.ca\/index.php?rest_route=\/wp\/v2\/users\/1"}],"replies":[{"embeddable":true,"href":"http:\/\/www.levisurbain.ca\/index.php?rest_route=%2Fwp%2Fv2%2Fcomments&post=15829"}],"version-history":[{"count":5,"href":"http:\/\/www.levisurbain.ca\/index.php?rest_route=\/wp\/v2\/posts\/15829\/revisions"}],"predecessor-version":[{"id":15836,"href":"http:\/\/www.levisurbain.ca\/index.php?rest_route=\/wp\/v2\/posts\/15829\/revisions\/15836"}],"wp:attachment":[{"href":"http:\/\/www.levisurbain.ca\/index.php?rest_route=%2Fwp%2Fv2%2Fmedia&parent=15829"}],"wp:term":[{"taxonomy":"category","embeddable":true,"href":"http:\/\/www.levisurbain.ca\/index.php?rest_route=%2Fwp%2Fv2%2Fcategories&post=15829"},{"taxonomy":"post_tag","embeddable":true,"href":"http:\/\/www.levisurbain.ca\/index.php?rest_route=%2Fwp%2Fv2%2Ftags&post=15829"}],"curies":[{"name":"wp","href":"https:\/\/api.w.org\/{rel}","templated":true}]}}