{"id":15823,"date":"2023-02-16T16:53:55","date_gmt":"2023-02-16T21:53:55","guid":{"rendered":"http:\/\/www.levisurbain.ca\/?p=15823"},"modified":"2023-02-19T17:01:50","modified_gmt":"2023-02-19T22:01:50","slug":"projet-de-la-residence-laubier","status":"publish","type":"post","link":"http:\/\/www.levisurbain.ca\/?p=15823","title":{"rendered":"Projet de la R\u00e9sidence L&rsquo;Aubier"},"content":{"rendered":"<p>Nous apercevons le projet de la <a href=\"https:\/\/residencelaubier.com\" target=\"_blank\" rel=\"noopener\">R\u00e9sidence L&rsquo;Aubier<\/a> (du Groupe Chartwell) une toute nouvelle r\u00e9sidence pour a\u00een\u00e9s qui comprendra 376 appartements locatifs, dont 36 unit\u00e9s de soins, sp\u00e9cialement con\u00e7us pour une client\u00e8le autonome et semi-autonome. Cette r\u00e9sidence est situ\u00e9e sur la rue \u00c9tienne-Dallaire \u00e0 quelques pas de la route du Pr\u00e9sident-Kennedy, L&rsquo;ouverture est pr\u00e9vue au printemps 2024.<\/p>\n<div id=\"attachment_15824\" style=\"width: 510px\" class=\"wp-caption aligncenter\"><img loading=\"lazy\" decoding=\"async\" aria-describedby=\"caption-attachment-15824\" class=\"size-full wp-image-15824\" src=\"http:\/\/www.levisurbain.ca\/wp-content\/uploads\/YG-1G3A3748.jpg\" alt=\"\" width=\"500\" height=\"392\" srcset=\"http:\/\/www.levisurbain.ca\/wp-content\/uploads\/YG-1G3A3748.jpg 500w, http:\/\/www.levisurbain.ca\/wp-content\/uploads\/YG-1G3A3748-300x235.jpg 300w\" sizes=\"auto, (max-width: 500px) 100vw, 500px\" \/><p id=\"caption-attachment-15824\" class=\"wp-caption-text\">R\u00e9sidence L&rsquo;Aubier. &copy; Cr\u00e9dit photo : Yves Gagn\u00e9.<\/p><\/div>\n<div id=\"attachment_15826\" style=\"width: 510px\" class=\"wp-caption aligncenter\"><img loading=\"lazy\" decoding=\"async\" aria-describedby=\"caption-attachment-15826\" class=\"size-full wp-image-15826\" src=\"http:\/\/www.levisurbain.ca\/wp-content\/uploads\/YG-1G3A3754.jpg\" alt=\"\" width=\"500\" height=\"293\" srcset=\"http:\/\/www.levisurbain.ca\/wp-content\/uploads\/YG-1G3A3754.jpg 500w, http:\/\/www.levisurbain.ca\/wp-content\/uploads\/YG-1G3A3754-300x176.jpg 300w\" sizes=\"auto, (max-width: 500px) 100vw, 500px\" \/><p id=\"caption-attachment-15826\" class=\"wp-caption-text\">R\u00e9sidence L&rsquo;Aubier. &copy; Cr\u00e9dit photo : Yves Gagn\u00e9.<\/p><\/div>\n","protected":false},"excerpt":{"rendered":"<p>Nous apercevons le projet de la R\u00e9sidence L&rsquo;Aubier (du Groupe Chartwell) une toute nouvelle r\u00e9sidence pour a\u00een\u00e9s qui comprendra 376 appartements locatifs, dont 36 unit\u00e9s de soins, sp\u00e9cialement con\u00e7us pour une client\u00e8le autonome et semi-autonome. Cette r\u00e9sidence est situ\u00e9e sur la rue \u00c9tienne-Dallaire \u00e0 quelques pas de la route du Pr\u00e9sident-Kennedy, L&rsquo;ouverture est pr\u00e9vue au\u2026 <span class=\"read-more\"><a href=\"http:\/\/www.levisurbain.ca\/?p=15823\">Lire la suite &raquo;<\/a><\/span><\/p>\n","protected":false},"author":1,"featured_media":0,"comment_status":"open","ping_status":"open","sticky":false,"template":"","format":"standard","meta":{"footnotes":""},"categories":[92,55],"tags":[],"class_list":["post-15823","post","type-post","status-publish","format-standard","hentry","category-developpement-du-territoire","category-habitation"],"_links":{"self":[{"href":"http:\/\/www.levisurbain.ca\/index.php?rest_route=\/wp\/v2\/posts\/15823","targetHints":{"allow":["GET"]}}],"collection":[{"href":"http:\/\/www.levisurbain.ca\/index.php?rest_route=\/wp\/v2\/posts"}],"about":[{"href":"http:\/\/www.levisurbain.ca\/index.php?rest_route=\/wp\/v2\/types\/post"}],"author":[{"embeddable":true,"href":"http:\/\/www.levisurbain.ca\/index.php?rest_route=\/wp\/v2\/users\/1"}],"replies":[{"embeddable":true,"href":"http:\/\/www.levisurbain.ca\/index.php?rest_route=%2Fwp%2Fv2%2Fcomments&post=15823"}],"version-history":[{"count":5,"href":"http:\/\/www.levisurbain.ca\/index.php?rest_route=\/wp\/v2\/posts\/15823\/revisions"}],"predecessor-version":[{"id":15841,"href":"http:\/\/www.levisurbain.ca\/index.php?rest_route=\/wp\/v2\/posts\/15823\/revisions\/15841"}],"wp:attachment":[{"href":"http:\/\/www.levisurbain.ca\/index.php?rest_route=%2Fwp%2Fv2%2Fmedia&parent=15823"}],"wp:term":[{"taxonomy":"category","embeddable":true,"href":"http:\/\/www.levisurbain.ca\/index.php?rest_route=%2Fwp%2Fv2%2Fcategories&post=15823"},{"taxonomy":"post_tag","embeddable":true,"href":"http:\/\/www.levisurbain.ca\/index.php?rest_route=%2Fwp%2Fv2%2Ftags&post=15823"}],"curies":[{"name":"wp","href":"https:\/\/api.w.org\/{rel}","templated":true}]}}