{"id":15798,"date":"2023-02-11T17:55:52","date_gmt":"2023-02-11T22:55:52","guid":{"rendered":"http:\/\/www.levisurbain.ca\/?p=15798"},"modified":"2023-02-13T22:09:56","modified_gmt":"2023-02-14T03:09:56","slug":"stlevis-greve-des-chauffeurs-dautobus-interruption-du-service-a-compter-de-lundi","status":"publish","type":"post","link":"http:\/\/www.levisurbain.ca\/?p=15798","title":{"rendered":"STL\u00e9vis : Gr\u00e8ve des chauffeurs d\u2019autobus &#8211; Interruption du service \u00e0 compter du lundi 13 f\u00e9vrier 2023"},"content":{"rendered":"<p><strong>Communiqu\u00e9 de la STL\u00e9vis<\/strong>.<\/p>\n<blockquote><p>C\u2019est avec regret que la Soci\u00e9t\u00e9 de transport de L\u00e9vis informe le public que le service de transport en commun sera interrompu \u00e0 compter du lundi 13\u00a0f\u00e9vrier par une gr\u00e8ve g\u00e9n\u00e9rale illimit\u00e9e des chauffeurs d\u2019autobus.<\/p>\n<p>Samedi, des repr\u00e9sentants des deux parties ont tenu une rencontre de conciliation en pr\u00e9sence des m\u00e9diatrices du minist\u00e8re du Travail. Bien que la rencontre ait permis de r\u00e9tablir les discussions entre les parties, elle n\u2019a pas permis le r\u00e8glement de la convention collective.<\/p>\n<p>D\u2019autres rencontres entre les parties seront fix\u00e9es dans les prochains jours. Malgr\u00e9 la reprise des discussions, le syndicat a refus\u00e9 la demande de l\u2019employeur d\u2019annuler la gr\u00e8ve g\u00e9n\u00e9rale illimit\u00e9e et de laisser encore la chance \u00e0 la n\u00e9gociation.<\/p>\n<p>Le public peut en tout temps se tenir inform\u00e9 de l\u2019\u00e9volution de la situation en consultant le site web <a href=\"https:\/\/www.stlevis.ca\/etat-reseau\" target=\"_blank\" rel=\"noopener\">https:\/\/www.stlevis.ca\/etat-reseau<\/a>, les comptes de m\u00e9dias sociaux officiels sur Facebook et Twitter ou en communiquant au service \u00e0 la client\u00e8le au 418-837-2401.<\/p><\/blockquote>\n","protected":false},"excerpt":{"rendered":"<p>Communiqu\u00e9 de la STL\u00e9vis. C\u2019est avec regret que la Soci\u00e9t\u00e9 de transport de L\u00e9vis informe le public que le service de transport en commun sera interrompu \u00e0 compter du lundi 13\u00a0f\u00e9vrier par une gr\u00e8ve g\u00e9n\u00e9rale illimit\u00e9e des chauffeurs d\u2019autobus. Samedi, des repr\u00e9sentants des deux parties ont tenu une rencontre de conciliation en pr\u00e9sence des m\u00e9diatrices\u2026 <span class=\"read-more\"><a href=\"http:\/\/www.levisurbain.ca\/?p=15798\">Lire la suite &raquo;<\/a><\/span><\/p>\n","protected":false},"author":1,"featured_media":0,"comment_status":"open","ping_status":"open","sticky":false,"template":"","format":"standard","meta":{"footnotes":""},"categories":[60],"tags":[64],"class_list":["post-15798","post","type-post","status-publish","format-standard","hentry","category-transports","tag-stlevis"],"_links":{"self":[{"href":"http:\/\/www.levisurbain.ca\/index.php?rest_route=\/wp\/v2\/posts\/15798","targetHints":{"allow":["GET"]}}],"collection":[{"href":"http:\/\/www.levisurbain.ca\/index.php?rest_route=\/wp\/v2\/posts"}],"about":[{"href":"http:\/\/www.levisurbain.ca\/index.php?rest_route=\/wp\/v2\/types\/post"}],"author":[{"embeddable":true,"href":"http:\/\/www.levisurbain.ca\/index.php?rest_route=\/wp\/v2\/users\/1"}],"replies":[{"embeddable":true,"href":"http:\/\/www.levisurbain.ca\/index.php?rest_route=%2Fwp%2Fv2%2Fcomments&post=15798"}],"version-history":[{"count":3,"href":"http:\/\/www.levisurbain.ca\/index.php?rest_route=\/wp\/v2\/posts\/15798\/revisions"}],"predecessor-version":[{"id":15808,"href":"http:\/\/www.levisurbain.ca\/index.php?rest_route=\/wp\/v2\/posts\/15798\/revisions\/15808"}],"wp:attachment":[{"href":"http:\/\/www.levisurbain.ca\/index.php?rest_route=%2Fwp%2Fv2%2Fmedia&parent=15798"}],"wp:term":[{"taxonomy":"category","embeddable":true,"href":"http:\/\/www.levisurbain.ca\/index.php?rest_route=%2Fwp%2Fv2%2Fcategories&post=15798"},{"taxonomy":"post_tag","embeddable":true,"href":"http:\/\/www.levisurbain.ca\/index.php?rest_route=%2Fwp%2Fv2%2Ftags&post=15798"}],"curies":[{"name":"wp","href":"https:\/\/api.w.org\/{rel}","templated":true}]}}