{"id":15782,"date":"2022-03-15T14:35:53","date_gmt":"2022-03-15T18:35:53","guid":{"rendered":"http:\/\/www.levisurbain.ca\/?p=15782"},"modified":"2023-02-17T09:17:41","modified_gmt":"2023-02-17T14:17:41","slug":"le-parc-canin-de-charny-devrait-etre-relocalise","status":"publish","type":"post","link":"http:\/\/www.levisurbain.ca\/?p=15782","title":{"rendered":"Le parc canin de Charny devrait \u00eatre relocalis\u00e9"},"content":{"rendered":"<p>Article de Alexandre Bellemare. <a href=\"https:\/\/www.journaldelevis.com\/\" target=\"_blank\" rel=\"noopener\">Le Journal de L\u00e9vis<\/a>.<\/p>\n<blockquote><p><strong>Lors de la p\u00e9riode de questions de la s\u00e9ance ordinaire du conseil municipal du 14 mars dernier, des voisins du parc \u00e0 chiens de Charny sont revenus \u00e0 la charge afin de partager leurs dol\u00e9ances face au bruit engendr\u00e9 par ce dernier depuis deux ans. Le maire de L\u00e9vis, Gilles Lehouillier, leur a annonc\u00e9 que le conseil ex\u00e9cutif allait proposer au conseil municipal une solution \u00e0 court terme.<\/strong><\/p>\n<p>\u00abLe comit\u00e9 ex\u00e9cutif va bient\u00f4t faire un rapport en comit\u00e9 pl\u00e9nier et sachez que notre orientation actuellement [\u2026] explique qu\u2019on vient \u00e0 la conclusion que l\u2019exp\u00e9rience pilote (du parc \u00e0 chiens) n\u2019est pas concluante. C\u2019est la raison pour laquelle la recommandation que le comit\u00e9 ex\u00e9cutif va faire au conseil municipal, c\u2019est de cesser l\u2019exp\u00e9rience pilote du parc canin \u00e0 Charny\u00bb, a d\u00e9voil\u00e9 Gilles Lehouillier.<\/p>\n<p>Ainsi, le comit\u00e9 ex\u00e9cutif a jug\u00e9 que les contraintes subies par les citoyens sont suffisamment \u00abimportantes et majeures\u00bb pour cesser les activit\u00e9s du parc.<\/p>\n<p>Questionn\u00e9 \u00e0 propos d\u2019un site de remplacement, comme le parc \u00e0 chiens de Charny est le seul sur le territoire l\u00e9visien pour le moment, le premier citoyen a expliqu\u00e9 que le comit\u00e9 ex\u00e9cutif attendait des propositions de la direction g\u00e9n\u00e9rale afin de le relocaliser sur un site \u00abplus isol\u00e9\u00bb.<\/p>\n<p>Une d\u00e9cision et des actions seront prises \u00abrapidement\u00bb et le parc du secteur Charny sera nettoy\u00e9.<\/p>\n<p>Rappelons que les citoyens avoisinant le parc de la Halte se plaignent depuis le d\u00e9but du projet pilote en raison des jappements, des excr\u00e9ments et de l\u2019\u00e9tat du site du parc canin. Ils \u00e9taient plusieurs lors de la p\u00e9riode de questions du dernier conseil municipal \u00e0 affirmer que le parc \u00abempoisonnait leur vie\u00bb et que leur sant\u00e9 mentale \u00e9tait affect\u00e9e par la situation. Ils se sont dits soulag\u00e9s et reconnaissants face \u00e0 cette annonce du maire de L\u00e9vis.<\/p><\/blockquote>\n<p><a href=\"http:\/\/www.journaldelevis.com\/\" target=\"_blank\" rel=\"noopener noreferrer\"><img decoding=\"async\" src=\"http:\/\/www.levisurbain.ca\/wp-content\/uploads\/2017\/04\/jdl_logo2012.png\" alt=\"\" \/><\/a><br \/>\nReproduit avec autorisation.<\/p>\n","protected":false},"excerpt":{"rendered":"<p>Article de Alexandre Bellemare. Le Journal de L\u00e9vis. Lors de la p\u00e9riode de questions de la s\u00e9ance ordinaire du conseil municipal du 14 mars dernier, des voisins du parc \u00e0 chiens de Charny sont revenus \u00e0 la charge afin de partager leurs dol\u00e9ances face au bruit engendr\u00e9 par ce dernier depuis deux ans. Le maire\u2026 <span class=\"read-more\"><a href=\"http:\/\/www.levisurbain.ca\/?p=15782\">Lire la suite &raquo;<\/a><\/span><\/p>\n","protected":false},"author":1,"featured_media":0,"comment_status":"open","ping_status":"open","sticky":false,"template":"","format":"standard","meta":{"footnotes":""},"categories":[71,57],"tags":[],"class_list":["post-15782","post","type-post","status-publish","format-standard","hentry","category-environnement","category-sports-arts-loisirs"],"_links":{"self":[{"href":"http:\/\/www.levisurbain.ca\/index.php?rest_route=\/wp\/v2\/posts\/15782","targetHints":{"allow":["GET"]}}],"collection":[{"href":"http:\/\/www.levisurbain.ca\/index.php?rest_route=\/wp\/v2\/posts"}],"about":[{"href":"http:\/\/www.levisurbain.ca\/index.php?rest_route=\/wp\/v2\/types\/post"}],"author":[{"embeddable":true,"href":"http:\/\/www.levisurbain.ca\/index.php?rest_route=\/wp\/v2\/users\/1"}],"replies":[{"embeddable":true,"href":"http:\/\/www.levisurbain.ca\/index.php?rest_route=%2Fwp%2Fv2%2Fcomments&post=15782"}],"version-history":[{"count":1,"href":"http:\/\/www.levisurbain.ca\/index.php?rest_route=\/wp\/v2\/posts\/15782\/revisions"}],"predecessor-version":[{"id":15835,"href":"http:\/\/www.levisurbain.ca\/index.php?rest_route=\/wp\/v2\/posts\/15782\/revisions\/15835"}],"wp:attachment":[{"href":"http:\/\/www.levisurbain.ca\/index.php?rest_route=%2Fwp%2Fv2%2Fmedia&parent=15782"}],"wp:term":[{"taxonomy":"category","embeddable":true,"href":"http:\/\/www.levisurbain.ca\/index.php?rest_route=%2Fwp%2Fv2%2Fcategories&post=15782"},{"taxonomy":"post_tag","embeddable":true,"href":"http:\/\/www.levisurbain.ca\/index.php?rest_route=%2Fwp%2Fv2%2Ftags&post=15782"}],"curies":[{"name":"wp","href":"https:\/\/api.w.org\/{rel}","templated":true}]}}