{"id":15756,"date":"2022-03-11T13:28:01","date_gmt":"2022-03-11T18:28:01","guid":{"rendered":"http:\/\/www.levisurbain.ca\/?p=15756"},"modified":"2022-03-11T13:28:01","modified_gmt":"2022-03-11T18:28:01","slug":"38-m-pour-vingt-autobus-electriques-dici-2025-a-levis","status":"publish","type":"post","link":"http:\/\/www.levisurbain.ca\/?p=15756","title":{"rendered":"38 M$ pour vingt autobus \u00e9lectriques d&rsquo;ici 2025 \u00e0 L\u00e9vis"},"content":{"rendered":"<p>Article de \u00c9milie Pelletier. <a href=\"https:\/\/www.lesoleil.com\" rel=\"noopener\" target=\"_blank\">Le Soleil<\/a>.<\/p>\n<blockquote><p><strong>La Soci\u00e9t\u00e9 de transport de L\u00e9vis passe \u00e0 l&rsquo;action dans l&rsquo;\u00e9lectrification de ses v\u00e9hicules. Une premi\u00e8re commande de 20 autobus enti\u00e8rement \u00e9lectriques a \u00e9t\u00e9 plac\u00e9e.<\/strong><\/p>\n<p>La livraison des premiers v\u00e9hicules est pr\u00e9vue en 2025. L&rsquo;\u00e9lectrification de la flotte de la Soci\u00e9t\u00e9 de transport de L\u00e9vis (STL\u00e9vis) repr\u00e9sente \u00ab le plus grand projet d&rsquo;investissements de son histoire \u00bb. L&rsquo;acquisition \u00e0 court terme de 20 nouveaux autobus co\u00fbtera 38 M$.<\/p><\/blockquote>\n<p>=> La suite au <a href=\"https:\/\/www.lesoleil.com\/2022\/03\/10\/38-m-pour-vingt-autobus-electriques-dici-2025-a-levis-5237df28a3fc33ee6603007cab234e13?utm_campaign=lesoleil&#038;utm_medium=article_share&#038;utm_source=twitter\" rel=\"noopener\" target=\"_blank\">lesoleil.com<\/a>.<\/p>\n","protected":false},"excerpt":{"rendered":"<p>Article de \u00c9milie Pelletier. Le Soleil. La Soci\u00e9t\u00e9 de transport de L\u00e9vis passe \u00e0 l&rsquo;action dans l&rsquo;\u00e9lectrification de ses v\u00e9hicules. Une premi\u00e8re commande de 20 autobus enti\u00e8rement \u00e9lectriques a \u00e9t\u00e9 plac\u00e9e. La livraison des premiers v\u00e9hicules est pr\u00e9vue en 2025. L&rsquo;\u00e9lectrification de la flotte de la Soci\u00e9t\u00e9 de transport de L\u00e9vis (STL\u00e9vis) repr\u00e9sente \u00ab le\u2026 <span class=\"read-more\"><a href=\"http:\/\/www.levisurbain.ca\/?p=15756\">Lire la suite &raquo;<\/a><\/span><\/p>\n","protected":false},"author":5,"featured_media":0,"comment_status":"open","ping_status":"open","sticky":false,"template":"","format":"standard","meta":{"footnotes":""},"categories":[65,60],"tags":[64],"class_list":["post-15756","post","type-post","status-publish","format-standard","hentry","category-gouvernement","category-transports","tag-stlevis"],"_links":{"self":[{"href":"http:\/\/www.levisurbain.ca\/index.php?rest_route=\/wp\/v2\/posts\/15756","targetHints":{"allow":["GET"]}}],"collection":[{"href":"http:\/\/www.levisurbain.ca\/index.php?rest_route=\/wp\/v2\/posts"}],"about":[{"href":"http:\/\/www.levisurbain.ca\/index.php?rest_route=\/wp\/v2\/types\/post"}],"author":[{"embeddable":true,"href":"http:\/\/www.levisurbain.ca\/index.php?rest_route=\/wp\/v2\/users\/5"}],"replies":[{"embeddable":true,"href":"http:\/\/www.levisurbain.ca\/index.php?rest_route=%2Fwp%2Fv2%2Fcomments&post=15756"}],"version-history":[{"count":0,"href":"http:\/\/www.levisurbain.ca\/index.php?rest_route=\/wp\/v2\/posts\/15756\/revisions"}],"wp:attachment":[{"href":"http:\/\/www.levisurbain.ca\/index.php?rest_route=%2Fwp%2Fv2%2Fmedia&parent=15756"}],"wp:term":[{"taxonomy":"category","embeddable":true,"href":"http:\/\/www.levisurbain.ca\/index.php?rest_route=%2Fwp%2Fv2%2Fcategories&post=15756"},{"taxonomy":"post_tag","embeddable":true,"href":"http:\/\/www.levisurbain.ca\/index.php?rest_route=%2Fwp%2Fv2%2Ftags&post=15756"}],"curies":[{"name":"wp","href":"https:\/\/api.w.org\/{rel}","templated":true}]}}