{"id":15714,"date":"2022-01-31T21:56:53","date_gmt":"2022-02-01T02:56:53","guid":{"rendered":"http:\/\/www.levisurbain.ca\/?p=15714"},"modified":"2022-01-31T21:56:53","modified_gmt":"2022-02-01T02:56:53","slug":"3e-lien-debut-des-travaux-en-2022-devoilement-du-cout-en-2025-maintient-bonnardel","status":"publish","type":"post","link":"http:\/\/www.levisurbain.ca\/?p=15714","title":{"rendered":"3e lien: d\u00e9but des travaux en 2022, d\u00e9voilement du co\u00fbt en 2025, maintient Bonnardel"},"content":{"rendered":"<p>Article de Vincent Larin. <a href=\"https:\/\/www.journaldequebec.com\" rel=\"noopener\" target=\"_blank\">Le Journal de Qu\u00e9bec<\/a>.<\/p>\n<blockquote><p><strong>Il faudra attendre en 2025 pour avoir une meilleure id\u00e9e du co\u00fbt final du 3e lien entre Qu\u00e9bec et L\u00e9vis, mais le chantier d\u00e9butera bel et bien avant la prochaine \u00e9lection, maintient le ministre des Transports, Fran\u00e7ois Bonnardel.<\/strong><\/p>\n<p>En marge d\u2019une conf\u00e9rence de presse o\u00f9 il a annonc\u00e9 un appui financier de Qu\u00e9bec pour l\u2019entretien des sentiers de motoneiges et de quads, lundi, le ministre a r\u00e9agi aux r\u00e9cents propos tenus par les chefs des partis d\u2019opposition \u00e0 propos du projet.<\/p><\/blockquote>\n<p>=> La suite sur <a href=\"https:\/\/www.journaldequebec.com\/2022\/01\/31\/3e-lien-debut-des-travaux-en-2022-devoilement-du-cout-en-2025-maintient-bonnardel#cxrecs_s\" rel=\"noopener\" target=\"_blank\">journaldequebec.com<\/a>.<\/p>\n","protected":false},"excerpt":{"rendered":"<p>Article de Vincent Larin. Le Journal de Qu\u00e9bec. Il faudra attendre en 2025 pour avoir une meilleure id\u00e9e du co\u00fbt final du 3e lien entre Qu\u00e9bec et L\u00e9vis, mais le chantier d\u00e9butera bel et bien avant la prochaine \u00e9lection, maintient le ministre des Transports, Fran\u00e7ois Bonnardel. En marge d\u2019une conf\u00e9rence de presse o\u00f9 il a\u2026 <span class=\"read-more\"><a href=\"http:\/\/www.levisurbain.ca\/?p=15714\">Lire la suite &raquo;<\/a><\/span><\/p>\n","protected":false},"author":5,"featured_media":0,"comment_status":"open","ping_status":"open","sticky":false,"template":"","format":"standard","meta":{"footnotes":""},"categories":[65,60],"tags":[63],"class_list":["post-15714","post","type-post","status-publish","format-standard","hentry","category-gouvernement","category-transports","tag-3e-lien"],"_links":{"self":[{"href":"http:\/\/www.levisurbain.ca\/index.php?rest_route=\/wp\/v2\/posts\/15714","targetHints":{"allow":["GET"]}}],"collection":[{"href":"http:\/\/www.levisurbain.ca\/index.php?rest_route=\/wp\/v2\/posts"}],"about":[{"href":"http:\/\/www.levisurbain.ca\/index.php?rest_route=\/wp\/v2\/types\/post"}],"author":[{"embeddable":true,"href":"http:\/\/www.levisurbain.ca\/index.php?rest_route=\/wp\/v2\/users\/5"}],"replies":[{"embeddable":true,"href":"http:\/\/www.levisurbain.ca\/index.php?rest_route=%2Fwp%2Fv2%2Fcomments&post=15714"}],"version-history":[{"count":0,"href":"http:\/\/www.levisurbain.ca\/index.php?rest_route=\/wp\/v2\/posts\/15714\/revisions"}],"wp:attachment":[{"href":"http:\/\/www.levisurbain.ca\/index.php?rest_route=%2Fwp%2Fv2%2Fmedia&parent=15714"}],"wp:term":[{"taxonomy":"category","embeddable":true,"href":"http:\/\/www.levisurbain.ca\/index.php?rest_route=%2Fwp%2Fv2%2Fcategories&post=15714"},{"taxonomy":"post_tag","embeddable":true,"href":"http:\/\/www.levisurbain.ca\/index.php?rest_route=%2Fwp%2Fv2%2Ftags&post=15714"}],"curies":[{"name":"wp","href":"https:\/\/api.w.org\/{rel}","templated":true}]}}