{"id":15709,"date":"2022-01-22T00:12:30","date_gmt":"2022-01-22T05:12:30","guid":{"rendered":"http:\/\/www.levisurbain.ca\/?p=15709"},"modified":"2022-01-22T00:12:30","modified_gmt":"2022-01-22T05:12:30","slug":"le-tablier-du-pont-pierre-laporte-remplace-apres-louverture-du-3e-lien","status":"publish","type":"post","link":"http:\/\/www.levisurbain.ca\/?p=15709","title":{"rendered":"Le tablier du pont Pierre-Laporte remplac\u00e9 apr\u00e8s l\u2019ouverture du 3e lien"},"content":{"rendered":"<p>Article de Louis Gagn\u00e9. <a href=\"https:\/\/ici.radio-canada.ca\/quebec\" rel=\"noopener\" target=\"_blank\">ICI Radio-Canada.ca &#8211; Section Qu\u00e9bec<\/a>.<\/p>\n<blockquote><p>Le gouvernement Legault mise sur l&rsquo;entr\u00e9e en service du tunnel entre Qu\u00e9bec et L\u00e9vis pour att\u00e9nuer les entraves \u00e0 la circulation qui surviendront lors du remplacement du tablier du pont Pierre-Laporte\u2026 en 2037.<\/p>\n<p>Invit\u00e9 \u00e0 commenter l&rsquo;augmentation constante des co\u00fbts des r\u00e9parations effectu\u00e9es sur l&rsquo;infrastructure, le cabinet du ministre des Transports, Fran\u00e7ois Bonnardel, a reconnu mercredi que le remplacement du tablier faisait partie des travaux majeurs pr\u00e9vus sur l&rsquo;infrastructure vieillissante au cours des ann\u00e9es \u00e0 venir.<\/p><\/blockquote>\n<p>=> La suite sur <a href=\"https:\/\/ici.radio-canada.ca\/nouvelle\/1855713\/remplacement-tablier-pont-pierre-laporte-2037-ministre-transports-quebec-bonnardel-3e-lien-tunnel-quebec-levis\" rel=\"noopener\" target=\"_blank\">ici.radio-canada.ca<\/a>.<\/p>\n","protected":false},"excerpt":{"rendered":"<p>Article de Louis Gagn\u00e9. ICI Radio-Canada.ca &#8211; Section Qu\u00e9bec. Le gouvernement Legault mise sur l&rsquo;entr\u00e9e en service du tunnel entre Qu\u00e9bec et L\u00e9vis pour att\u00e9nuer les entraves \u00e0 la circulation qui surviendront lors du remplacement du tablier du pont Pierre-Laporte\u2026 en 2037. Invit\u00e9 \u00e0 commenter l&rsquo;augmentation constante des co\u00fbts des r\u00e9parations effectu\u00e9es sur l&rsquo;infrastructure, le\u2026 <span class=\"read-more\"><a href=\"http:\/\/www.levisurbain.ca\/?p=15709\">Lire la suite &raquo;<\/a><\/span><\/p>\n","protected":false},"author":5,"featured_media":0,"comment_status":"open","ping_status":"open","sticky":false,"template":"","format":"standard","meta":{"footnotes":""},"categories":[65,60],"tags":[63],"class_list":["post-15709","post","type-post","status-publish","format-standard","hentry","category-gouvernement","category-transports","tag-3e-lien"],"_links":{"self":[{"href":"http:\/\/www.levisurbain.ca\/index.php?rest_route=\/wp\/v2\/posts\/15709","targetHints":{"allow":["GET"]}}],"collection":[{"href":"http:\/\/www.levisurbain.ca\/index.php?rest_route=\/wp\/v2\/posts"}],"about":[{"href":"http:\/\/www.levisurbain.ca\/index.php?rest_route=\/wp\/v2\/types\/post"}],"author":[{"embeddable":true,"href":"http:\/\/www.levisurbain.ca\/index.php?rest_route=\/wp\/v2\/users\/5"}],"replies":[{"embeddable":true,"href":"http:\/\/www.levisurbain.ca\/index.php?rest_route=%2Fwp%2Fv2%2Fcomments&post=15709"}],"version-history":[{"count":0,"href":"http:\/\/www.levisurbain.ca\/index.php?rest_route=\/wp\/v2\/posts\/15709\/revisions"}],"wp:attachment":[{"href":"http:\/\/www.levisurbain.ca\/index.php?rest_route=%2Fwp%2Fv2%2Fmedia&parent=15709"}],"wp:term":[{"taxonomy":"category","embeddable":true,"href":"http:\/\/www.levisurbain.ca\/index.php?rest_route=%2Fwp%2Fv2%2Fcategories&post=15709"},{"taxonomy":"post_tag","embeddable":true,"href":"http:\/\/www.levisurbain.ca\/index.php?rest_route=%2Fwp%2Fv2%2Ftags&post=15709"}],"curies":[{"name":"wp","href":"https:\/\/api.w.org\/{rel}","templated":true}]}}