{"id":15701,"date":"2022-01-02T20:30:22","date_gmt":"2022-01-03T01:30:22","guid":{"rendered":"http:\/\/www.levisurbain.ca\/?p=15701"},"modified":"2022-01-02T20:30:22","modified_gmt":"2022-01-03T01:30:22","slug":"une-nouvelle-identite-visuelle-pour-les-autopatrouilles-du-spvl","status":"publish","type":"post","link":"http:\/\/www.levisurbain.ca\/?p=15701","title":{"rendered":"Une nouvelle identit\u00e9 visuelle pour les autopatrouilles du SPVL"},"content":{"rendered":"<p>Article de <a href=\"https:\/\/www.journaldelevis.com\/\" target=\"_blank\" rel=\"noopener\">Le Journal de L\u00e9vis<\/a>.<\/p>\n<div id=\"attachment_15702\" style=\"width: 510px\" class=\"wp-caption aligncenter\"><img loading=\"lazy\" decoding=\"async\" aria-describedby=\"caption-attachment-15702\" class=\"size-full wp-image-15702\" src=\"http:\/\/www.levisurbain.ca\/wp-content\/uploads\/signature_spvl_jdlevis_02012022.jpg\" alt=\"\" width=\"500\" height=\"337\" srcset=\"http:\/\/www.levisurbain.ca\/wp-content\/uploads\/signature_spvl_jdlevis_02012022.jpg 500w, http:\/\/www.levisurbain.ca\/wp-content\/uploads\/signature_spvl_jdlevis_02012022-300x202.jpg 300w\" sizes=\"auto, (max-width: 500px) 100vw, 500px\" \/><p id=\"caption-attachment-15702\" class=\"wp-caption-text\">Fran\u00e7ois Dub\u00e9, directeur par int\u00e9rim du SPVL, Julien Roy, capitaine du SPVL responsable de la surveillance du territoire, et Alexandre Tremblay, agent du SPVL, ont d\u00e9voil\u00e9 la nouvelle image choisie. CR\u00c9DIT : VILLE DE L\u00c9VIS<\/p><\/div>\n<blockquote><p><strong>Le Service de police de la Ville de L\u00e9vis (SPVL) a d\u00e9voil\u00e9, le 9 d\u00e9cembre, la nouvelle image choisie pour ses v\u00e9hicules de patrouille.<\/strong><\/p>\n<p>Avec ce changement men\u00e9 dans le cadre d\u2019une d\u00e9marche participative men\u00e9e aupr\u00e8s de son personnel, le corps policier l\u00e9visien veut accro\u00eetre la visibilit\u00e9 des autopatrouilles sur le terrain. Pour y parvenir, le nouvel habillage inclut plusieurs \u00e9l\u00e9ments visuels \u00e0 haut contraste, un lettrage plus imposant qui r\u00e9fl\u00e9chit la lumi\u00e8re ainsi que des bandes r\u00e9fl\u00e9chissantes.<\/p>\n<p>Notons que le SPVL a choisi de faire co\u00efncider le nouveau lettrage avec les remplacements d\u00e9j\u00e0 pr\u00e9vus des v\u00e9hicules au fil des mois. Les 45 v\u00e9hicules de la flotte appara\u00eetront ainsi sous leur nouveau jour au cours des prochaines ann\u00e9es. D\u2019ailleurs, dans le cadre du renouvellement de sa flotte et des efforts de la Ville de L\u00e9vis pour am\u00e9liorer son empreinte \u00e9cologique, le SPVL remplacera ses voitures actuelles par des v\u00e9hicules utilitaires sport (VUS) hybrides.<\/p>\n<p>Le SPVL a \u00e9galement profit\u00e9 de cette annonce pour indiquer qu\u2019il a lanc\u00e9 un projet visant \u00e0 informatiser l\u2019ensemble des op\u00e9rations polici\u00e8res. D\u2019une dur\u00e9e approximative de 18 mois, le projet d\u2019informatisation devrait \u00eatre compl\u00e9t\u00e9 en 2023 avec le d\u00e9ploiement complet du nouveau syst\u00e8me. Le projet permettra notamment \u00e0 terme aux policiers de compl\u00e9ter les rapports en tout temps et de permettre \u00e0 plusieurs personnes de travailler dans un m\u00eame dossier en m\u00eame temps.<\/p><\/blockquote>\n<p><a href=\"http:\/\/www.journaldelevis.com\/\" target=\"_blank\" rel=\"noopener noreferrer\"><img decoding=\"async\" src=\"http:\/\/www.levisurbain.ca\/wp-content\/uploads\/2017\/04\/jdl_logo2012.png\" alt=\"\" \/><\/a><br \/>\nReproduit avec autorisation.<\/p>\n","protected":false},"excerpt":{"rendered":"<p>Article de Le Journal de L\u00e9vis. Le Service de police de la Ville de L\u00e9vis (SPVL) a d\u00e9voil\u00e9, le 9 d\u00e9cembre, la nouvelle image choisie pour ses v\u00e9hicules de patrouille. Avec ce changement men\u00e9 dans le cadre d\u2019une d\u00e9marche participative men\u00e9e aupr\u00e8s de son personnel, le corps policier l\u00e9visien veut accro\u00eetre la visibilit\u00e9 des autopatrouilles\u2026 <span class=\"read-more\"><a href=\"http:\/\/www.levisurbain.ca\/?p=15701\">Lire la suite &raquo;<\/a><\/span><\/p>\n","protected":false},"author":1,"featured_media":0,"comment_status":"open","ping_status":"open","sticky":false,"template":"","format":"standard","meta":{"footnotes":""},"categories":[65,60],"tags":[],"class_list":["post-15701","post","type-post","status-publish","format-standard","hentry","category-gouvernement","category-transports"],"_links":{"self":[{"href":"http:\/\/www.levisurbain.ca\/index.php?rest_route=\/wp\/v2\/posts\/15701","targetHints":{"allow":["GET"]}}],"collection":[{"href":"http:\/\/www.levisurbain.ca\/index.php?rest_route=\/wp\/v2\/posts"}],"about":[{"href":"http:\/\/www.levisurbain.ca\/index.php?rest_route=\/wp\/v2\/types\/post"}],"author":[{"embeddable":true,"href":"http:\/\/www.levisurbain.ca\/index.php?rest_route=\/wp\/v2\/users\/1"}],"replies":[{"embeddable":true,"href":"http:\/\/www.levisurbain.ca\/index.php?rest_route=%2Fwp%2Fv2%2Fcomments&post=15701"}],"version-history":[{"count":0,"href":"http:\/\/www.levisurbain.ca\/index.php?rest_route=\/wp\/v2\/posts\/15701\/revisions"}],"wp:attachment":[{"href":"http:\/\/www.levisurbain.ca\/index.php?rest_route=%2Fwp%2Fv2%2Fmedia&parent=15701"}],"wp:term":[{"taxonomy":"category","embeddable":true,"href":"http:\/\/www.levisurbain.ca\/index.php?rest_route=%2Fwp%2Fv2%2Fcategories&post=15701"},{"taxonomy":"post_tag","embeddable":true,"href":"http:\/\/www.levisurbain.ca\/index.php?rest_route=%2Fwp%2Fv2%2Ftags&post=15701"}],"curies":[{"name":"wp","href":"https:\/\/api.w.org\/{rel}","templated":true}]}}