{"id":15526,"date":"2021-09-02T15:21:42","date_gmt":"2021-09-02T19:21:42","guid":{"rendered":"http:\/\/www.levisurbain.ca\/?p=15526"},"modified":"2021-09-05T23:42:31","modified_gmt":"2021-09-06T03:42:31","slug":"un-premier-parc-canin-dans-lest-de-la-ville","status":"publish","type":"post","link":"http:\/\/www.levisurbain.ca\/?p=15526","title":{"rendered":"Un premier parc canin dans l\u2019est de la ville"},"content":{"rendered":"<p>Article de Josyanne Prescott. <a href=\"https:\/\/www.journaldelevis.com\/\" target=\"_blank\" rel=\"noopener\">Le Journal de L\u00e9vis<\/a>.<\/p>\n<blockquote><p><strong>Le maire de L\u00e9vis, Gilles Lehouillier, a inaugur\u00e9 le 24 ao\u00fbt, accompagn\u00e9 de Stephen Boutin pr\u00e9sident du Groupe CSB et des \u00e9lus municipaux, le second parc canin l\u00e9visien. Celui-ci est situ\u00e9 \u00e0 l\u2019est de la ville dans le nouveau quartier UMANO, \u00e0 l\u2019arri\u00e8re du campus de l\u2019UQAR \u00e0 L\u00e9vis.<\/strong><\/p>\n<p>\u00ab Je me souviens lorsque je suis arriv\u00e9 dans mon quartier. Dans ma rue, il n\u2019y avait pratiquement aucun chien. Alors que pr\u00e9sentement, il n\u2019y a peut-\u00eatre qu\u2019un seul domicile qui n\u2019en poss\u00e8de pas. L\u00e9vis compte maintenant pr\u00e8s de 25 000 chiens ce qui est \u00e9norme et avec le partenariat de la SPA Beauce-Etchemins, il sera possible de conna\u00eetre le nombre exact de chiens \u00e0 L\u00e9vis \u00bb, a indiqu\u00e9 Gilles Lehouillier.<\/p>\n<p>Le parc canin est le premier espace vert du quartier <a href=\"https:\/\/www.groupecsb.com\/fr\/realisations\/umano\/\" target=\"_blank\" rel=\"noopener\">UMANO<\/a>, un projet immobilier du Groupe CSB. Celui-ci sera accessible pour l\u2019ensemble de la population l\u00e9visienne. De plus, le maire a annonc\u00e9 que la ville aura non seulement trois, mais bien quatre parcs \u00e0 chien.<\/p>\n<p>\u00ab Nous annon\u00e7ons aussi la cr\u00e9ation de non un, mais deux parcs \u00e0 chien dans l\u2019est de la ville \u00bb, a affirm\u00e9 Gilles Lehouillier.<\/p>\n<p>Une nouvelle qui devrait plaire aux propri\u00e9taires, alors que bien avant l\u2019inauguration officiel du parc, plusieurs ma\u00eetres et leurs amis \u00e0 quatre pattes \u00e9taient d\u00e9j\u00e0 all\u00e9 profiter des installations. Des citoyens ont m\u00eame cr\u00e9\u00e9 une page Facebook parc canin L\u00e9vis (Desjardins) qui compte actuellement plus de 250 abonn\u00e9s.<\/p>\n<p>Dans un autre ordre d\u2019id\u00e9e, on retrouve au parc canin Desjardins des arbres matures qui procurent de l\u2019ombre aux utilisateurs, une section pour les grands chiens et une autre pour les plus petits ainsi que des installations d\u2019agilit\u00e9 canine comme des tunnels ou une passerelle par exemple.<\/p>\n<p>Rappelons que le projet UMANO est un quartier qui sera compos\u00e9 de 3 900 unit\u00e9s d\u2019habitation, de 950\u00a0000 pieds carr\u00e9s d\u2019espaces commerciaux, \u00e0 bureaux et institutionnels ainsi que de 11 kilom\u00e8tres de trottoir et de sentier. Il y aura aussi notamment diff\u00e9rents espaces de loisirs et de sports.<\/p>\n<p>Le nouveau parc \u00e0 chien est accessible par le chemin des Forts, \u00e0 partir de la rue Saint-Omer.<\/p><\/blockquote>\n<p><a href=\"http:\/\/www.journaldelevis.com\/\" target=\"_blank\" rel=\"noopener noreferrer\"><img decoding=\"async\" src=\"http:\/\/www.levisurbain.ca\/wp-content\/uploads\/2017\/04\/jdl_logo2012.png\" alt=\"\" \/><\/a><br \/>\nReproduit avec autorisation.<\/p>\n","protected":false},"excerpt":{"rendered":"<p>Article de Josyanne Prescott. Le Journal de L\u00e9vis. Le maire de L\u00e9vis, Gilles Lehouillier, a inaugur\u00e9 le 24 ao\u00fbt, accompagn\u00e9 de Stephen Boutin pr\u00e9sident du Groupe CSB et des \u00e9lus municipaux, le second parc canin l\u00e9visien. Celui-ci est situ\u00e9 \u00e0 l\u2019est de la ville dans le nouveau quartier UMANO, \u00e0 l\u2019arri\u00e8re du campus de l\u2019UQAR\u2026 <span class=\"read-more\"><a href=\"http:\/\/www.levisurbain.ca\/?p=15526\">Lire la suite &raquo;<\/a><\/span><\/p>\n","protected":false},"author":1,"featured_media":0,"comment_status":"open","ping_status":"open","sticky":false,"template":"","format":"standard","meta":{"footnotes":""},"categories":[92,71,55],"tags":[],"class_list":["post-15526","post","type-post","status-publish","format-standard","hentry","category-developpement-du-territoire","category-environnement","category-habitation"],"_links":{"self":[{"href":"http:\/\/www.levisurbain.ca\/index.php?rest_route=\/wp\/v2\/posts\/15526","targetHints":{"allow":["GET"]}}],"collection":[{"href":"http:\/\/www.levisurbain.ca\/index.php?rest_route=\/wp\/v2\/posts"}],"about":[{"href":"http:\/\/www.levisurbain.ca\/index.php?rest_route=\/wp\/v2\/types\/post"}],"author":[{"embeddable":true,"href":"http:\/\/www.levisurbain.ca\/index.php?rest_route=\/wp\/v2\/users\/1"}],"replies":[{"embeddable":true,"href":"http:\/\/www.levisurbain.ca\/index.php?rest_route=%2Fwp%2Fv2%2Fcomments&post=15526"}],"version-history":[{"count":0,"href":"http:\/\/www.levisurbain.ca\/index.php?rest_route=\/wp\/v2\/posts\/15526\/revisions"}],"wp:attachment":[{"href":"http:\/\/www.levisurbain.ca\/index.php?rest_route=%2Fwp%2Fv2%2Fmedia&parent=15526"}],"wp:term":[{"taxonomy":"category","embeddable":true,"href":"http:\/\/www.levisurbain.ca\/index.php?rest_route=%2Fwp%2Fv2%2Fcategories&post=15526"},{"taxonomy":"post_tag","embeddable":true,"href":"http:\/\/www.levisurbain.ca\/index.php?rest_route=%2Fwp%2Fv2%2Ftags&post=15526"}],"curies":[{"name":"wp","href":"https:\/\/api.w.org\/{rel}","templated":true}]}}