{"id":15484,"date":"2021-08-07T23:39:34","date_gmt":"2021-08-08T03:39:34","guid":{"rendered":"http:\/\/www.levisurbain.ca\/?p=15484"},"modified":"2021-08-07T23:47:51","modified_gmt":"2021-08-08T03:47:51","slug":"la-population-en-faveur-du-reseau-express-de-la-capitale","status":"publish","type":"post","link":"http:\/\/www.levisurbain.ca\/?p=15484","title":{"rendered":"La population en faveur du R\u00e9seau express de la Capitale"},"content":{"rendered":"<p>Article de Josyanne Prescott. <a href=\"https:\/\/www.journaldelevis.com\/\" rel=\"noopener\" target=\"_blank\">Le Journal de L\u00e9vis<\/a>.<\/p>\n<blockquote><p><strong>C&rsquo;est lors d&rsquo;un point de presse, tenu le jeudi 5 ao\u00fbt, que le maire de L\u00e9vis, Gilles Lehouillier, annon\u00e7ait les r\u00e9sultats du sondage sur l&rsquo;accord de la population au sujet du R\u00e9seau express de la Capitale (REC). Pour l&rsquo;occasion, il \u00e9tait accompagn\u00e9 de Marie-Jos\u00e9e Morency, directrice g\u00e9n\u00e9rale de la Chambre de commerce de L\u00e9vis.<\/strong><\/p>\n<p>Le sondage a \u00e9t\u00e9 command\u00e9 par la Chambre de commerce de L\u00e9vis, qui assure la coordination des activit\u00e9s du regroupement en faveur du REC, et a \u00e9t\u00e9 r\u00e9alis\u00e9 par la firme L\u00e9ger. Ce sont 2 000 r\u00e9pondants provenant de la Capitale nationale (1 000), de L\u00e9vis (500), de Bellechasse (300) et de la C\u00f4te-de-Beaupr\u00e9 (200) qui ont \u00e9t\u00e9 sond\u00e9s.<\/p>\n<p>Le sondage concernait le degr\u00e9 d&rsquo;adh\u00e9sion des r\u00e9pondants \u00e0 l&rsquo;\u00e9gard du R\u00e9seau express de la Capitale et de ses quatre composantes, soit le tunnel Qu\u00e9bec-L\u00e9vis, le tramway, l&rsquo;ajout de voies r\u00e9serv\u00e9es pour desservir les banlieues ainsi que l&rsquo;interconnexion du r\u00e9seau de transport en commun entre les deux rives, \u00e0 la t\u00eate des ponts. Globalement, ce sont 70% des r\u00e9pondants qui sont en total accord avec le projet.<\/p>\n<p>Selon le maire de L\u00e9vis, les r\u00e9sultats sont concluants. \u00ab Au fond, le r\u00e9sultat de ces sondages confirme que le gouvernement du Qu\u00e9bec est dans la bonne voie avec son intention ferme de commencer les travaux du tunnel Qu\u00e9bec-L\u00e9vis d\u00e8s l&rsquo;automne 2022. Quand on a 70% d&rsquo;appui des populations r\u00e9gionales au projet gouvernemental du R\u00e9seau express de la Capitale, c&rsquo;est un pensez-y-bien. \u00bb <!--more--><\/p>\n<p><a name=\"more\"><\/a><\/p>\n<p>Il rench\u00e9rit en affirmant que \u00ab tout est sur la table. Tous les co\u00fbts sont connus et voyez les r\u00e9sultats aujourd&rsquo;hui. Cela signifie que l&rsquo;appui au projet est tr\u00e8s fort. \u00bb<\/p>\n<p><strong>Volet \u00e9conomique<\/strong><br \/>\nAu niveau \u00e9conomique, les chiffres seraient aussi parlants, a d\u00e9montr\u00e9 la directrice g\u00e9n\u00e9rale de la Chambre de commerce. \u00ab Nous avons obtenu rapidement l&rsquo;appui de plus de 170 entreprises et organisations socio\u00e9conomiques de nos r\u00e9gions et nous avons \u00e9mis une lettre ouverte \u00e0 la suite de l&rsquo;annonce du gouvernement en mai dernier avec un message positif de mobilisation \u00e9conomique. \u00bb<\/p>\n<p>Elle ajoute que le \u00ab REC am\u00e9liora aussi grandement l&rsquo;attractivit\u00e9 et la r\u00e9tention des talents, la comp\u00e9titivit\u00e9 des entreprises, la s\u00e9curit\u00e9 sur les routes, le transport efficient des marchandises par l&rsquo;industrie du camionnage et les probl\u00e8mes de congestion. \u00bb<\/p>\n<p>\u00ab La mobilit\u00e9 de la main-d&rsquo;\u0153uvre est essentielle pour les employeurs et pour l&rsquo;environnement \u00e9conomique des r\u00e9gions de la Capitale nationale et de la Chaudi\u00e8re-Appalaches \u00bb, affirme-t-elle.<\/p>\n<p><strong>Faits saillants<\/strong><br \/>\nLe sondage rapporte que ce sont&#8230;<\/p>\n<ul>\n<li>70% des r\u00e9pondants qui sont en accord pour la globalit\u00e9 du projet;<\/li>\n<li>77% des r\u00e9pondants qui sont en accord pour l&rsquo;interconnexion des r\u00e9seaux de transport en commun entre les deux rives;<\/li>\n<li>71% des r\u00e9pondants qui sont en accord pour l&rsquo;am\u00e9nagement de nouvelles voies r\u00e9serv\u00e9es pour le transport en commun;<\/li>\n<li>64% des r\u00e9pondants qui sont en accord pour la construction du tunnel Qu\u00e9bec-L\u00e9vis;<\/li>\n<li>50% des r\u00e9pondants qui sont en accord pour l&rsquo;implantation de la ligne de tramway.<\/li>\n<\/ul>\n<p>Parmi les r\u00e9pondants \u00ab 37% sont enti\u00e8rement en accord et 27% sont plut\u00f4t d&rsquo;accord. C&rsquo;est tr\u00e8s, tr\u00e8s, fort l&rsquo;appui \u00e0 chacune des composantes du projet et nous adh\u00e9rons au plan d&rsquo;ensemble propos\u00e9 par le gouvernement \u00bb, r\u00e9affirme le maire de L\u00e9vis, Gilles Lehouillier.<\/p><\/blockquote>\n<p><a href=\"http:\/\/www.journaldelevis.com\/\" target=\"_blank\" rel=\"noopener noreferrer\"><img decoding=\"async\" src=\"http:\/\/www.levisurbain.ca\/wp-content\/uploads\/2017\/04\/jdl_logo2012.png\" alt=\"\" \/><\/a><br \/>\nReproduit avec autorisation.<\/p>\n","protected":false},"excerpt":{"rendered":"<p>Article de Josyanne Prescott. Le Journal de L\u00e9vis. C&rsquo;est lors d&rsquo;un point de presse, tenu le jeudi 5 ao\u00fbt, que le maire de L\u00e9vis, Gilles Lehouillier, annon\u00e7ait les r\u00e9sultats du sondage sur l&rsquo;accord de la population au sujet du R\u00e9seau express de la Capitale (REC). Pour l&rsquo;occasion, il \u00e9tait accompagn\u00e9 de Marie-Jos\u00e9e Morency, directrice g\u00e9n\u00e9rale\u2026 <span class=\"read-more\"><a href=\"http:\/\/www.levisurbain.ca\/?p=15484\">Lire la suite &raquo;<\/a><\/span><\/p>\n","protected":false},"author":5,"featured_media":0,"comment_status":"open","ping_status":"open","sticky":false,"template":"","format":"standard","meta":{"footnotes":""},"categories":[65,60],"tags":[63,66],"class_list":["post-15484","post","type-post","status-publish","format-standard","hentry","category-gouvernement","category-transports","tag-3e-lien","tag-tramway-srb"],"_links":{"self":[{"href":"http:\/\/www.levisurbain.ca\/index.php?rest_route=\/wp\/v2\/posts\/15484","targetHints":{"allow":["GET"]}}],"collection":[{"href":"http:\/\/www.levisurbain.ca\/index.php?rest_route=\/wp\/v2\/posts"}],"about":[{"href":"http:\/\/www.levisurbain.ca\/index.php?rest_route=\/wp\/v2\/types\/post"}],"author":[{"embeddable":true,"href":"http:\/\/www.levisurbain.ca\/index.php?rest_route=\/wp\/v2\/users\/5"}],"replies":[{"embeddable":true,"href":"http:\/\/www.levisurbain.ca\/index.php?rest_route=%2Fwp%2Fv2%2Fcomments&post=15484"}],"version-history":[{"count":0,"href":"http:\/\/www.levisurbain.ca\/index.php?rest_route=\/wp\/v2\/posts\/15484\/revisions"}],"wp:attachment":[{"href":"http:\/\/www.levisurbain.ca\/index.php?rest_route=%2Fwp%2Fv2%2Fmedia&parent=15484"}],"wp:term":[{"taxonomy":"category","embeddable":true,"href":"http:\/\/www.levisurbain.ca\/index.php?rest_route=%2Fwp%2Fv2%2Fcategories&post=15484"},{"taxonomy":"post_tag","embeddable":true,"href":"http:\/\/www.levisurbain.ca\/index.php?rest_route=%2Fwp%2Fv2%2Ftags&post=15484"}],"curies":[{"name":"wp","href":"https:\/\/api.w.org\/{rel}","templated":true}]}}