{"id":15389,"date":"2021-05-22T16:51:33","date_gmt":"2021-05-22T20:51:33","guid":{"rendered":"http:\/\/www.levisurbain.ca\/?p=15389"},"modified":"2021-05-22T22:05:16","modified_gmt":"2021-05-23T02:05:16","slug":"bellechasse-et-le-tunnel-de-tous-les-espoirs","status":"publish","type":"post","link":"http:\/\/www.levisurbain.ca\/?p=15389","title":{"rendered":"Bellechasse et le tunnel de tous les espoirs"},"content":{"rendered":"<p>Article de Isabelle Porter. <a href=\"http:\/\/www.levisurbain.ca\/?p=15385\" rel=\"noopener\" target=\"_blank\">Le Devoir<\/a>.<\/p>\n<blockquote><p>Alors que le tunnel Qu\u00e9bec-L\u00e9vis fait craindre le pire pour l\u2019\u00e9talement urbain sur la Rive-Sud et dans Bellechasse, les \u00e9lus du coin y voient un salut pour des villages d\u00e9vitalis\u00e9s et des entreprises en qu\u00eate de main-d\u2019\u0153uvre.<\/p>\n<p>\u00ab On est en train de se battre pour survivre et les gens nous taxent de vouloir nous d\u00e9velopper \u00e0 outrance \u00bb, se d\u00e9sole le pr\u00e9fet de la MRC de Bellechasse et maire de Saint-Nazaire, Cl\u00e9ment Fillion.<\/p><\/blockquote>\n<p>=> La suite sur <a href=\"https:\/\/www.ledevoir.com\/societe\/transports-urbanisme\/603686\/troisieme-lien-bellechasse-et-le-tunnel-de-tous-les-espoirs\" rel=\"noopener\" target=\"_blank\">ledevoir.com<\/a>.<\/p>\n","protected":false},"excerpt":{"rendered":"<p>Article de Isabelle Porter. Le Devoir. Alors que le tunnel Qu\u00e9bec-L\u00e9vis fait craindre le pire pour l\u2019\u00e9talement urbain sur la Rive-Sud et dans Bellechasse, les \u00e9lus du coin y voient un salut pour des villages d\u00e9vitalis\u00e9s et des entreprises en qu\u00eate de main-d\u2019\u0153uvre. \u00ab On est en train de se battre pour survivre et les\u2026 <span class=\"read-more\"><a href=\"http:\/\/www.levisurbain.ca\/?p=15389\">Lire la suite &raquo;<\/a><\/span><\/p>\n","protected":false},"author":5,"featured_media":0,"comment_status":"open","ping_status":"open","sticky":false,"template":"","format":"standard","meta":{"footnotes":""},"categories":[58,65,60],"tags":[63],"class_list":["post-15389","post","type-post","status-publish","format-standard","hentry","category-commerce-economie","category-gouvernement","category-transports","tag-3e-lien"],"_links":{"self":[{"href":"http:\/\/www.levisurbain.ca\/index.php?rest_route=\/wp\/v2\/posts\/15389","targetHints":{"allow":["GET"]}}],"collection":[{"href":"http:\/\/www.levisurbain.ca\/index.php?rest_route=\/wp\/v2\/posts"}],"about":[{"href":"http:\/\/www.levisurbain.ca\/index.php?rest_route=\/wp\/v2\/types\/post"}],"author":[{"embeddable":true,"href":"http:\/\/www.levisurbain.ca\/index.php?rest_route=\/wp\/v2\/users\/5"}],"replies":[{"embeddable":true,"href":"http:\/\/www.levisurbain.ca\/index.php?rest_route=%2Fwp%2Fv2%2Fcomments&post=15389"}],"version-history":[{"count":0,"href":"http:\/\/www.levisurbain.ca\/index.php?rest_route=\/wp\/v2\/posts\/15389\/revisions"}],"wp:attachment":[{"href":"http:\/\/www.levisurbain.ca\/index.php?rest_route=%2Fwp%2Fv2%2Fmedia&parent=15389"}],"wp:term":[{"taxonomy":"category","embeddable":true,"href":"http:\/\/www.levisurbain.ca\/index.php?rest_route=%2Fwp%2Fv2%2Fcategories&post=15389"},{"taxonomy":"post_tag","embeddable":true,"href":"http:\/\/www.levisurbain.ca\/index.php?rest_route=%2Fwp%2Fv2%2Ftags&post=15389"}],"curies":[{"name":"wp","href":"https:\/\/api.w.org\/{rel}","templated":true}]}}