{"id":15359,"date":"2021-05-16T16:16:10","date_gmt":"2021-05-16T20:16:10","guid":{"rendered":"http:\/\/www.levisurbain.ca\/?p=15359"},"modified":"2021-05-16T16:23:07","modified_gmt":"2021-05-16T20:23:07","slug":"le-troisieme-lien-se-rendra-a-expocite","status":"publish","type":"post","link":"http:\/\/www.levisurbain.ca\/?p=15359","title":{"rendered":"Le troisi\u00e8me lien se rendra \u00e0 ExpoCit\u00e9"},"content":{"rendered":"<p>Article de St\u00e9phanie Martin. <a href=\"https:\/\/www.journaldequebec.com\/\" rel=\"noopener\" target=\"_blank\">Le Journal de Qu\u00e9bec<\/a>.<\/p>\n<blockquote><p><strong>Le tunnel Qu\u00e9bec-L\u00e9vis aboutira \u00e0 ExpoCit\u00e9 et comportera deux stations, sur la colline Parlementaire et dans Saint-Roch.<\/strong><\/p>\n<p>La carte a \u00e9t\u00e9 rendue publique par la station radiophonique FM93, et Le Journal a \u00e9t\u00e9 en mesure de confirmer qu\u2019il s\u2019agit bien du projet d\u2019ensemble en transport que le gouvernement concocte pour la r\u00e9gion de Qu\u00e9bec. Un projet nomm\u00e9 \u00ab R\u00e9seau express de la Capitale \u00bb (REC), \u00e0 l\u2019image du R\u00e9seau express m\u00e9tropolitain, \u00e0 Montr\u00e9al.<\/p><\/blockquote>\n<p>=> La suite au <a href=\"https:\/\/www.journaldequebec.com\/2021\/05\/14\/le-tunnel-aboutirait-a-expocite\" rel=\"noopener\" target=\"_blank\">journaldequebec.com<\/a>.<\/p>\n","protected":false},"excerpt":{"rendered":"<p>Article de St\u00e9phanie Martin. Le Journal de Qu\u00e9bec. Le tunnel Qu\u00e9bec-L\u00e9vis aboutira \u00e0 ExpoCit\u00e9 et comportera deux stations, sur la colline Parlementaire et dans Saint-Roch. La carte a \u00e9t\u00e9 rendue publique par la station radiophonique FM93, et Le Journal a \u00e9t\u00e9 en mesure de confirmer qu\u2019il s\u2019agit bien du projet d\u2019ensemble en transport que le\u2026 <span class=\"read-more\"><a href=\"http:\/\/www.levisurbain.ca\/?p=15359\">Lire la suite &raquo;<\/a><\/span><\/p>\n","protected":false},"author":5,"featured_media":0,"comment_status":"open","ping_status":"open","sticky":false,"template":"","format":"standard","meta":{"footnotes":""},"categories":[65,60],"tags":[63,66],"class_list":["post-15359","post","type-post","status-publish","format-standard","hentry","category-gouvernement","category-transports","tag-3e-lien","tag-tramway-srb"],"_links":{"self":[{"href":"http:\/\/www.levisurbain.ca\/index.php?rest_route=\/wp\/v2\/posts\/15359","targetHints":{"allow":["GET"]}}],"collection":[{"href":"http:\/\/www.levisurbain.ca\/index.php?rest_route=\/wp\/v2\/posts"}],"about":[{"href":"http:\/\/www.levisurbain.ca\/index.php?rest_route=\/wp\/v2\/types\/post"}],"author":[{"embeddable":true,"href":"http:\/\/www.levisurbain.ca\/index.php?rest_route=\/wp\/v2\/users\/5"}],"replies":[{"embeddable":true,"href":"http:\/\/www.levisurbain.ca\/index.php?rest_route=%2Fwp%2Fv2%2Fcomments&post=15359"}],"version-history":[{"count":0,"href":"http:\/\/www.levisurbain.ca\/index.php?rest_route=\/wp\/v2\/posts\/15359\/revisions"}],"wp:attachment":[{"href":"http:\/\/www.levisurbain.ca\/index.php?rest_route=%2Fwp%2Fv2%2Fmedia&parent=15359"}],"wp:term":[{"taxonomy":"category","embeddable":true,"href":"http:\/\/www.levisurbain.ca\/index.php?rest_route=%2Fwp%2Fv2%2Fcategories&post=15359"},{"taxonomy":"post_tag","embeddable":true,"href":"http:\/\/www.levisurbain.ca\/index.php?rest_route=%2Fwp%2Fv2%2Ftags&post=15359"}],"curies":[{"name":"wp","href":"https:\/\/api.w.org\/{rel}","templated":true}]}}