{"id":15200,"date":"2021-04-17T19:25:33","date_gmt":"2021-04-17T23:25:33","guid":{"rendered":"http:\/\/www.levisurbain.ca\/?p=15200"},"modified":"2021-04-17T19:25:33","modified_gmt":"2021-04-17T23:25:33","slug":"ottawa-va-racheter-le-pont-de-quebec","status":"publish","type":"post","link":"http:\/\/www.levisurbain.ca\/?p=15200","title":{"rendered":"Ottawa va racheter le pont de Qu\u00e9bec"},"content":{"rendered":"<p>Article de Olivier Lemieux. <a href=\"https:\/\/ici.radio-canada.ca\/\" rel=\"noopener\" target=\"_blank\">ICI Radio-Canada.ca<\/a>.<\/p>\n<blockquote><p>Apr\u00e8s des ann\u00e9es de tergiversations, le gouvernement f\u00e9d\u00e9ral a tranch\u00e9. Afin d\u2019assurer la p\u00e9rennit\u00e9 du pont de Qu\u00e9bec, Ottawa souhaite maintenant proc\u00e9der au rachat de l\u2019infrastructure.<\/p>\n<p>C\u2019est Yvon Charest, ancien homme d\u2019affaires bien connu de Qu\u00e9bec, qui aura la t\u00e2che de mener les n\u00e9gociations avec le Canadien National (CN), propri\u00e9taire du pont.<\/p><\/blockquote>\n<p>=> La suite sur <a href=\"https:\/\/ici.radio-canada.ca\/nouvelle\/1785551\/rachat-pont-quebec-gouvernement-federal-infrastructure-yvon-charest\" rel=\"noopener\" target=\"_blank\">ICI Radio-Canada.ca<\/a>.<\/p>\n","protected":false},"excerpt":{"rendered":"<p>Article de Olivier Lemieux. ICI Radio-Canada.ca. Apr\u00e8s des ann\u00e9es de tergiversations, le gouvernement f\u00e9d\u00e9ral a tranch\u00e9. Afin d\u2019assurer la p\u00e9rennit\u00e9 du pont de Qu\u00e9bec, Ottawa souhaite maintenant proc\u00e9der au rachat de l\u2019infrastructure. C\u2019est Yvon Charest, ancien homme d\u2019affaires bien connu de Qu\u00e9bec, qui aura la t\u00e2che de mener les n\u00e9gociations avec le Canadien National (CN),\u2026 <span class=\"read-more\"><a href=\"http:\/\/www.levisurbain.ca\/?p=15200\">Lire la suite &raquo;<\/a><\/span><\/p>\n","protected":false},"author":5,"featured_media":0,"comment_status":"open","ping_status":"open","sticky":false,"template":"","format":"standard","meta":{"footnotes":""},"categories":[65,68,60],"tags":[87,73],"class_list":["post-15200","post","type-post","status-publish","format-standard","hentry","category-gouvernement","category-patrimoine","category-transports","tag-cn","tag-pont-de-quebec"],"_links":{"self":[{"href":"http:\/\/www.levisurbain.ca\/index.php?rest_route=\/wp\/v2\/posts\/15200","targetHints":{"allow":["GET"]}}],"collection":[{"href":"http:\/\/www.levisurbain.ca\/index.php?rest_route=\/wp\/v2\/posts"}],"about":[{"href":"http:\/\/www.levisurbain.ca\/index.php?rest_route=\/wp\/v2\/types\/post"}],"author":[{"embeddable":true,"href":"http:\/\/www.levisurbain.ca\/index.php?rest_route=\/wp\/v2\/users\/5"}],"replies":[{"embeddable":true,"href":"http:\/\/www.levisurbain.ca\/index.php?rest_route=%2Fwp%2Fv2%2Fcomments&post=15200"}],"version-history":[{"count":0,"href":"http:\/\/www.levisurbain.ca\/index.php?rest_route=\/wp\/v2\/posts\/15200\/revisions"}],"wp:attachment":[{"href":"http:\/\/www.levisurbain.ca\/index.php?rest_route=%2Fwp%2Fv2%2Fmedia&parent=15200"}],"wp:term":[{"taxonomy":"category","embeddable":true,"href":"http:\/\/www.levisurbain.ca\/index.php?rest_route=%2Fwp%2Fv2%2Fcategories&post=15200"},{"taxonomy":"post_tag","embeddable":true,"href":"http:\/\/www.levisurbain.ca\/index.php?rest_route=%2Fwp%2Fv2%2Ftags&post=15200"}],"curies":[{"name":"wp","href":"https:\/\/api.w.org\/{rel}","templated":true}]}}