{"id":15149,"date":"2014-05-06T23:17:54","date_gmt":"2014-05-07T03:17:54","guid":{"rendered":"http:\/\/www.levisurbain.ca\/?p=15149"},"modified":"2021-04-05T23:39:37","modified_gmt":"2021-04-06T03:39:37","slug":"dautres-bornes-a-venir-en-chaudiere-appalaches","status":"publish","type":"post","link":"http:\/\/www.levisurbain.ca\/?p=15149","title":{"rendered":"D\u2019autres bornes \u00e0 venir en Chaudi\u00e8re-Appalaches"},"content":{"rendered":"<p>Article de M\u00e9lanie Labrecque. <a href=\"http:\/\/www.journaldequebec.com\/\" target=\"_blank\" rel=\"noopener\">Le Journal de Qu\u00e9bec<\/a>.<\/p>\n<blockquote><p><strong>Avec seulement deux bornes de recharge pour les v\u00e9hicules \u00e9lectriques, la r\u00e9gion de la Chaudi\u00e8re-Appalaches fait office de parent pauvre du Circuit \u00e9lectrique, mis en place il y a de cela deux ans. Toutefois, Hydro Qu\u00e9bec confirme que d\u2019autres bornes devraient y \u00eatre install\u00e9es incessamment.<\/strong><\/p>\n<p>\u00ab Ce n\u2019est pas une offre finale dans la r\u00e9gion \u00bb, confirme la porte-parole d\u2019Hydro-Qu\u00e9bec pour le Circuit \u00e9lectrique, Nathalie Vachon. On retrouve une borne sur le territoire de la Ville de L\u00e9vis, \u00e0 Saint-Nicolas et l\u2019autre \u00e0 Saint-Georges, en Beauce. Mme Vachon indique que la soci\u00e9t\u00e9 d\u2019\u00c9tat est en n\u00e9gociations avec de futurs partenaires pour l\u2019implantation d\u2019autres bornes du Circuit \u00e9lectrique en Chaudi\u00e8re-Appalaches.<\/p><\/blockquote>\n<p>=> <a href=\"http:\/\/www.journaldequebec.com\/2014\/05\/06\/dautres-bornes-a-venir-en-chaudiere-appalaches\" target=\"_blank\" rel=\"noopener\">Lire la suite<\/a>.<\/p>\n","protected":false},"excerpt":{"rendered":"<p>Article de M\u00e9lanie Labrecque. Le Journal de Qu\u00e9bec. Avec seulement deux bornes de recharge pour les v\u00e9hicules \u00e9lectriques, la r\u00e9gion de la Chaudi\u00e8re-Appalaches fait office de parent pauvre du Circuit \u00e9lectrique, mis en place il y a de cela deux ans. Toutefois, Hydro Qu\u00e9bec confirme que d\u2019autres bornes devraient y \u00eatre install\u00e9es incessamment. \u00ab Ce\u2026 <span class=\"read-more\"><a href=\"http:\/\/www.levisurbain.ca\/?p=15149\">Lire la suite &raquo;<\/a><\/span><\/p>\n","protected":false},"author":5,"featured_media":0,"comment_status":"open","ping_status":"open","sticky":false,"template":"","format":"standard","meta":{"footnotes":""},"categories":[71,65,60],"tags":[],"class_list":["post-15149","post","type-post","status-publish","format-standard","hentry","category-environnement","category-gouvernement","category-transports"],"_links":{"self":[{"href":"http:\/\/www.levisurbain.ca\/index.php?rest_route=\/wp\/v2\/posts\/15149","targetHints":{"allow":["GET"]}}],"collection":[{"href":"http:\/\/www.levisurbain.ca\/index.php?rest_route=\/wp\/v2\/posts"}],"about":[{"href":"http:\/\/www.levisurbain.ca\/index.php?rest_route=\/wp\/v2\/types\/post"}],"author":[{"embeddable":true,"href":"http:\/\/www.levisurbain.ca\/index.php?rest_route=\/wp\/v2\/users\/5"}],"replies":[{"embeddable":true,"href":"http:\/\/www.levisurbain.ca\/index.php?rest_route=%2Fwp%2Fv2%2Fcomments&post=15149"}],"version-history":[{"count":0,"href":"http:\/\/www.levisurbain.ca\/index.php?rest_route=\/wp\/v2\/posts\/15149\/revisions"}],"wp:attachment":[{"href":"http:\/\/www.levisurbain.ca\/index.php?rest_route=%2Fwp%2Fv2%2Fmedia&parent=15149"}],"wp:term":[{"taxonomy":"category","embeddable":true,"href":"http:\/\/www.levisurbain.ca\/index.php?rest_route=%2Fwp%2Fv2%2Fcategories&post=15149"},{"taxonomy":"post_tag","embeddable":true,"href":"http:\/\/www.levisurbain.ca\/index.php?rest_route=%2Fwp%2Fv2%2Ftags&post=15149"}],"curies":[{"name":"wp","href":"https:\/\/api.w.org\/{rel}","templated":true}]}}