{"id":15132,"date":"2014-05-05T12:45:58","date_gmt":"2014-05-05T16:45:58","guid":{"rendered":"http:\/\/www.levisurbain.ca\/?p=15132"},"modified":"2021-04-04T15:58:35","modified_gmt":"2021-04-04T19:58:35","slug":"vieux-levis-lancien-clsc-ne-convient-pas-aux-attentes-de-la-ville","status":"publish","type":"post","link":"http:\/\/www.levisurbain.ca\/?p=15132","title":{"rendered":"Vieux-L\u00e9vis &#8211; L\u2019ancien CLSC ne convient pas aux attentes de la Ville"},"content":{"rendered":"<p>Article de Pierre Duquet. Le Peuple L\u00e9vis<\/a>.<\/p>\n<blockquote>\n<p><img loading=\"lazy\" decoding=\"async\" src=\"http:\/\/www.levisurbain.ca\/images\/clsc_lepeuple_02052014.jpg\" width=\"550\" height=\"400\" \/><\/p>\n<p><strong>L\u2019immeuble de la rue de l\u2019Arsenal o\u00f9 a log\u00e9 le CLSC n\u2019a pas les dimensions recherch\u00e9es par la Ville de L\u00e9vis pour son futur centre d\u2019archives. De plus, on n\u2019entend pas le doter d\u2019une section mus\u00e9ale.<\/strong><\/p>\n<p>Le Peuple rapportait dans l\u2019\u00e9dition du 23 avril que le promoteur Pierre Trottier proposait d\u2019am\u00e9nager l\u2019ancien CLSC du Vieux-L\u00e9vis, dont il est le propri\u00e9taire, pour que la Ville y loge un centre d\u2019archives dot\u00e9 d\u2019un espace mus\u00e9al.<\/p>\n<p>Le maire de L\u00e9vis, Gilles Lehouillier, a indiqu\u00e9 au Peuple que le lieu d\u2019implantation du centre d\u2019archives n\u2019\u00e9tait pas encore choisi, mais qu\u2019il pouvait d\u00e9j\u00e0 affirmer que l\u2019ancien CLSC ne convenait pas. En outre, la Ville ne songe nullement \u00e0 y implanter un espace mus\u00e9al.<\/p>\n<p>\u00ab On est en train de regarder un projet de centre d\u2019archives sans volet mus\u00e9ologique, a pr\u00e9cis\u00e9 M. Lehouillier. \u00c7a en permettrait plus facilement la r\u00e9alisation parce que l\u2019on sait que le volet mus\u00e9ologique ne peut \u00eatre subventionn\u00e9. \u00bb<!--more--><\/p>\n<p><a name=\"more\"><\/a><\/p>\n<p><strong>Le CSLC est trop petit<\/strong><br \/>\nEn outre, l\u2019ancien CLSC n\u2019est pas assez vaste pour r\u00e9pondre aux besoins de la Ville.<\/p>\n<p>\u00ab On fait en ce moment une \u00e9tude pr\u00e9liminaire, a expliqu\u00e9 le maire. De prime abord, je dois dire qu\u2019on est loin d\u2019\u00eatre certain que \u00e7a va r\u00e9pondre aux besoins du centre d\u2019archives parce que les espaces sont insuffisants. \u00bb<\/p>\n<p>En fait, la Ville veut aussi y loger les soci\u00e9t\u00e9s d\u2019histoires. Le maire a \u00e9galement indiqu\u00e9 que ce projet ne sera pas r\u00e9alis\u00e9 avant 2017.<\/p>\n<p>Quant \u00e0 la collection du mus\u00e9e du Coll\u00e8ge de L\u00e9vis, qui a \u00e9t\u00e9 l\u00e9gu\u00e9e \u00e0 la Ville en 2011, elle sera entrepos\u00e9e dans le futur centre d\u2019archives, mais plusieurs de ses \u00e9l\u00e9ments seront expos\u00e9s ailleurs.<\/p>\n<p>\u00ab On va se servir de notre centre d\u2019exposition dans l\u2019ancienne gare de la Traverse de L\u00e9vis pour les exposer en rotation, a annonc\u00e9 M. Lehouillier. Il pourrait m\u00eame arriver qu\u2019on fasse des \u00e9changes de collections avec le Mus\u00e9e de la civilisation de Qu\u00e9bec. \u00bb<\/p><\/blockquote>\n<p><img decoding=\"async\" src=\"http:\/\/www.levisurbain.ca\/images\/peuple_levis.gif\" alt=\"\" border=\"0\" \/><br \/>\nReproduit avec autorisation au moment de la publication sur ce blogue.<\/p>\n","protected":false},"excerpt":{"rendered":"<p>Article de Pierre Duquet. Le Peuple L\u00e9vis. L\u2019immeuble de la rue de l\u2019Arsenal o\u00f9 a log\u00e9 le CLSC n\u2019a pas les dimensions recherch\u00e9es par la Ville de L\u00e9vis pour son futur centre d\u2019archives. De plus, on n\u2019entend pas le doter d\u2019une section mus\u00e9ale. Le Peuple rapportait dans l\u2019\u00e9dition du 23 avril que le promoteur Pierre\u2026 <span class=\"read-more\"><a href=\"http:\/\/www.levisurbain.ca\/?p=15132\">Lire la suite &raquo;<\/a><\/span><\/p>\n","protected":false},"author":5,"featured_media":0,"comment_status":"open","ping_status":"open","sticky":false,"template":"","format":"standard","meta":{"footnotes":""},"categories":[65],"tags":[],"class_list":["post-15132","post","type-post","status-publish","format-standard","hentry","category-gouvernement"],"_links":{"self":[{"href":"http:\/\/www.levisurbain.ca\/index.php?rest_route=\/wp\/v2\/posts\/15132","targetHints":{"allow":["GET"]}}],"collection":[{"href":"http:\/\/www.levisurbain.ca\/index.php?rest_route=\/wp\/v2\/posts"}],"about":[{"href":"http:\/\/www.levisurbain.ca\/index.php?rest_route=\/wp\/v2\/types\/post"}],"author":[{"embeddable":true,"href":"http:\/\/www.levisurbain.ca\/index.php?rest_route=\/wp\/v2\/users\/5"}],"replies":[{"embeddable":true,"href":"http:\/\/www.levisurbain.ca\/index.php?rest_route=%2Fwp%2Fv2%2Fcomments&post=15132"}],"version-history":[{"count":0,"href":"http:\/\/www.levisurbain.ca\/index.php?rest_route=\/wp\/v2\/posts\/15132\/revisions"}],"wp:attachment":[{"href":"http:\/\/www.levisurbain.ca\/index.php?rest_route=%2Fwp%2Fv2%2Fmedia&parent=15132"}],"wp:term":[{"taxonomy":"category","embeddable":true,"href":"http:\/\/www.levisurbain.ca\/index.php?rest_route=%2Fwp%2Fv2%2Fcategories&post=15132"},{"taxonomy":"post_tag","embeddable":true,"href":"http:\/\/www.levisurbain.ca\/index.php?rest_route=%2Fwp%2Fv2%2Ftags&post=15132"}],"curies":[{"name":"wp","href":"https:\/\/api.w.org\/{rel}","templated":true}]}}