{"id":15120,"date":"2014-04-24T23:39:25","date_gmt":"2014-04-25T03:39:25","guid":{"rendered":"http:\/\/www.levisurbain.ca\/?p=15120"},"modified":"2021-04-04T15:29:56","modified_gmt":"2021-04-04T19:29:56","slug":"refection-des-rues-levis-veut-rattraper-le-temps-perdu","status":"publish","type":"post","link":"http:\/\/www.levisurbain.ca\/?p=15120","title":{"rendered":"R\u00e9fection des rues : L\u00e9vis veut rattraper le temps perdu"},"content":{"rendered":"<p>Article de St\u00e9phanie Martin. <a href=\"http:\/\/www.lesoleil.com\/\" target=\"_blank\" rel=\"noopener\">Le Soleil<\/a>.<\/p>\n<blockquote><p><strong>(Qu\u00e9bec) L\u00e9vis acc\u00e9l\u00e8re le pas dans la r\u00e9fection de ses rues, trottoirs et bordures. En 2014, ce sont 2 millions $ de plus que l&rsquo;administration Lehouillier injectera pour tenter de rattraper le retard dans ce secteur qui a \u00e9t\u00e9 n\u00e9glig\u00e9 au cours des derni\u00e8res ann\u00e9es.<\/strong><\/p>\n<p>\u00c0 L\u00e9vis, comme dans la plupart des grandes villes du Qu\u00e9bec, on effectue depuis des ann\u00e9es \u00ab l&rsquo;entretien minimal \u00bb des rues, des trottoirs et des bordures, faute de moyens financiers, a laiss\u00e9 tomber le maire Gilles Lehouillier, jeudi, en conf\u00e9rence de presse. La part gouvernementale est d&rsquo;\u00e0 peine 14 % sur le budget d&rsquo;infrastructures de 75 millions $ de la municipalit\u00e9, a-t-il d\u00e9plor\u00e9, ajoutant avoir bon espoir que le gouvernement Couillard remplisse ses promesses de rehausser ses investissements dans ce domaine.<\/p><\/blockquote>\n<p>=> <a href=\"https:\/\/www.lesoleil.com\/actualite\/la-capitale\/refection-des-rues-levis-veut-rattraper-le-temps-perdu-f6b91c41425a0f35266d398f542c01b2\" target=\"_blank\" rel=\"noopener\">Lire la suite<\/a>.<\/p>\n","protected":false},"excerpt":{"rendered":"<p>Article de St\u00e9phanie Martin. Le Soleil. (Qu\u00e9bec) L\u00e9vis acc\u00e9l\u00e8re le pas dans la r\u00e9fection de ses rues, trottoirs et bordures. En 2014, ce sont 2 millions $ de plus que l&rsquo;administration Lehouillier injectera pour tenter de rattraper le retard dans ce secteur qui a \u00e9t\u00e9 n\u00e9glig\u00e9 au cours des derni\u00e8res ann\u00e9es. \u00c0 L\u00e9vis, comme dans\u2026 <span class=\"read-more\"><a href=\"http:\/\/www.levisurbain.ca\/?p=15120\">Lire la suite &raquo;<\/a><\/span><\/p>\n","protected":false},"author":5,"featured_media":0,"comment_status":"open","ping_status":"open","sticky":false,"template":"","format":"standard","meta":{"footnotes":""},"categories":[65,60],"tags":[],"class_list":["post-15120","post","type-post","status-publish","format-standard","hentry","category-gouvernement","category-transports"],"_links":{"self":[{"href":"http:\/\/www.levisurbain.ca\/index.php?rest_route=\/wp\/v2\/posts\/15120","targetHints":{"allow":["GET"]}}],"collection":[{"href":"http:\/\/www.levisurbain.ca\/index.php?rest_route=\/wp\/v2\/posts"}],"about":[{"href":"http:\/\/www.levisurbain.ca\/index.php?rest_route=\/wp\/v2\/types\/post"}],"author":[{"embeddable":true,"href":"http:\/\/www.levisurbain.ca\/index.php?rest_route=\/wp\/v2\/users\/5"}],"replies":[{"embeddable":true,"href":"http:\/\/www.levisurbain.ca\/index.php?rest_route=%2Fwp%2Fv2%2Fcomments&post=15120"}],"version-history":[{"count":0,"href":"http:\/\/www.levisurbain.ca\/index.php?rest_route=\/wp\/v2\/posts\/15120\/revisions"}],"wp:attachment":[{"href":"http:\/\/www.levisurbain.ca\/index.php?rest_route=%2Fwp%2Fv2%2Fmedia&parent=15120"}],"wp:term":[{"taxonomy":"category","embeddable":true,"href":"http:\/\/www.levisurbain.ca\/index.php?rest_route=%2Fwp%2Fv2%2Fcategories&post=15120"},{"taxonomy":"post_tag","embeddable":true,"href":"http:\/\/www.levisurbain.ca\/index.php?rest_route=%2Fwp%2Fv2%2Ftags&post=15120"}],"curies":[{"name":"wp","href":"https:\/\/api.w.org\/{rel}","templated":true}]}}