{"id":15118,"date":"2014-04-23T07:53:45","date_gmt":"2014-04-23T11:53:45","guid":{"rendered":"http:\/\/www.levisurbain.ca\/?p=15118"},"modified":"2021-04-04T15:26:32","modified_gmt":"2021-04-04T19:26:32","slug":"societe-de-transport-de-levis-le-corridor-rapide-attendra","status":"publish","type":"post","link":"http:\/\/www.levisurbain.ca\/?p=15118","title":{"rendered":"Soci\u00e9t\u00e9 de transport de L\u00e9vis : le corridor rapide attendra"},"content":{"rendered":"<p>Article de St\u00e9phanie Martin. <a href=\"http:\/\/www.lesoleil.com\/\" target=\"_blank\" rel=\"noopener\">Le Soleil<\/a>.<\/p>\n<blockquote><p><strong>La Soci\u00e9t\u00e9 de transport de L\u00e9vis met sur la glace son projet de corridor rapide pour autobus, dont le chantier devait \u00eatre lanc\u00e9 cette ann\u00e9e. Les finances de l&rsquo;organisme municipal sont fragilis\u00e9es car le gouvernement du Qu\u00e9bec n&rsquo;a pas vers\u00e9 le million de dollars promis pour compenser les rat\u00e9s du fonds d&rsquo;immatriculation.<\/strong><\/p>\n<p>\u00ab Pour nous autres, c&rsquo;est la diff\u00e9rence entre avancer et faire du surplace \u00bb, s&rsquo;exclame le conseiller municipal Michel Patry, pr\u00e9sident de la STL\u00e9vis.<\/p>\n<p>Sans ce financement qui se fait attendre, des dossiers doivent \u00eatre retard\u00e9s, dit-il. En haut de la liste, le projet de voies r\u00e9serv\u00e9es exclusives au centre du boulevard de la Rive-Sud. Une premi\u00e8re section devait \u00eatre construite d\u00e8s cet automne entre la rue Saint-Omer et le boulevard Alphonse-Desjardins pour une mise en service en 2015.<\/p><\/blockquote>\n<p>=> <a href=\"https:\/\/www.lesoleil.com\/actualite\/societe-de-transport-de-levis-le-corridor-rapide-attendra-09cfc852bc5751b93b0fe3d4c6e9b39c\" target=\"_blank\" rel=\"noopener\">Lire la suite<\/a>.<\/p>\n","protected":false},"excerpt":{"rendered":"<p>Article de St\u00e9phanie Martin. Le Soleil. La Soci\u00e9t\u00e9 de transport de L\u00e9vis met sur la glace son projet de corridor rapide pour autobus, dont le chantier devait \u00eatre lanc\u00e9 cette ann\u00e9e. Les finances de l&rsquo;organisme municipal sont fragilis\u00e9es car le gouvernement du Qu\u00e9bec n&rsquo;a pas vers\u00e9 le million de dollars promis pour compenser les rat\u00e9s\u2026 <span class=\"read-more\"><a href=\"http:\/\/www.levisurbain.ca\/?p=15118\">Lire la suite &raquo;<\/a><\/span><\/p>\n","protected":false},"author":5,"featured_media":0,"comment_status":"open","ping_status":"open","sticky":false,"template":"","format":"standard","meta":{"footnotes":""},"categories":[65,60],"tags":[64],"class_list":["post-15118","post","type-post","status-publish","format-standard","hentry","category-gouvernement","category-transports","tag-stlevis"],"_links":{"self":[{"href":"http:\/\/www.levisurbain.ca\/index.php?rest_route=\/wp\/v2\/posts\/15118","targetHints":{"allow":["GET"]}}],"collection":[{"href":"http:\/\/www.levisurbain.ca\/index.php?rest_route=\/wp\/v2\/posts"}],"about":[{"href":"http:\/\/www.levisurbain.ca\/index.php?rest_route=\/wp\/v2\/types\/post"}],"author":[{"embeddable":true,"href":"http:\/\/www.levisurbain.ca\/index.php?rest_route=\/wp\/v2\/users\/5"}],"replies":[{"embeddable":true,"href":"http:\/\/www.levisurbain.ca\/index.php?rest_route=%2Fwp%2Fv2%2Fcomments&post=15118"}],"version-history":[{"count":0,"href":"http:\/\/www.levisurbain.ca\/index.php?rest_route=\/wp\/v2\/posts\/15118\/revisions"}],"wp:attachment":[{"href":"http:\/\/www.levisurbain.ca\/index.php?rest_route=%2Fwp%2Fv2%2Fmedia&parent=15118"}],"wp:term":[{"taxonomy":"category","embeddable":true,"href":"http:\/\/www.levisurbain.ca\/index.php?rest_route=%2Fwp%2Fv2%2Fcategories&post=15118"},{"taxonomy":"post_tag","embeddable":true,"href":"http:\/\/www.levisurbain.ca\/index.php?rest_route=%2Fwp%2Fv2%2Ftags&post=15118"}],"curies":[{"name":"wp","href":"https:\/\/api.w.org\/{rel}","templated":true}]}}