{"id":15088,"date":"2014-04-10T07:55:03","date_gmt":"2014-04-10T11:55:03","guid":{"rendered":"http:\/\/www.levisurbain.ca\/?p=15088"},"modified":"2024-04-20T16:43:56","modified_gmt":"2024-04-20T20:43:56","slug":"neuf-proprietaires-de-maison-mobile-sans-terrain","status":"publish","type":"post","link":"http:\/\/www.levisurbain.ca\/?p=15088","title":{"rendered":"Neuf propri\u00e9taires de maison mobile sans terrain"},"content":{"rendered":"<p>Article de Pierre Duquet. Le Peuple L\u00e9vis.<\/p>\n<blockquote><p><strong>Les occupants des neuf maisons mobiles du 586, rue de l\u2019Ar\u00e9na du quartier Saint-R\u00e9dempteur ont appris le 25 mars dernier que la Ville de L\u00e9vis n\u2019avait finalement aucun terrain \u00e0 leur offrir d\u2019ici le 31 juillet. Ils devront donc abandonner leur r\u00e9sidence ou la faire d\u00e9placer l\u00e0 o\u00f9 ils le pourront. Cette derni\u00e8re option leur appara\u00eet irr\u00e9aliste.<\/strong><\/p>\n<p>La Ville de L\u00e9vis, de concert avec le GRT habitation L\u00e9vy, a tent\u00e9 pendant un an de faire en sorte que les neuf derniers propri\u00e9taires de maisons mobiles de la rue de l\u2019Ar\u00e9na du quartier Saint-R\u00e9dempteur puissent se d\u00e9localiser dans la rue des Bouleaux du secteur Breakeyville.<\/p>\n<p>Lors de la rencontre du 25 mars avec des repr\u00e9sentants de la Ville et du GRT, leur espoir de conserver leur r\u00e9sidence s\u2019est \u00e9vanoui. Pourquoi ? Parce que le terrain qu\u2019on souhaitait acqu\u00e9rir ne dispose pas des services d\u2019aqueduc et d\u2019\u00e9gout et qu\u2019il \u00e9tait impossible pour la Ville d\u2019effecteur de tels travaux pour le 31 juillet.<\/p>\n<p><a name=\"more\"><\/a>Andr\u00e9 Thivierge et sa conjointe, Johanne Fournier, sont au nombre de ceux qui devront tenter de vendre leur maison mobile d\u2019ici le 31 juillet ou carr\u00e9ment l\u2019abandonner sur place pour qu\u2019elle soit d\u00e9molie.<\/p><\/blockquote>\n<blockquote><p>Au moment de l\u2019entrevue, M. Thivierge cherchait d\u00e9sesp\u00e9r\u00e9ment un terrain dans la r\u00e9gion de Qu\u00e9bec esp\u00e9rant ainsi avoir un argument de vente pour sa maison mobile. Au d\u00e9but d\u2019avril, il confirmait qu\u2019il allait plut\u00f4t la faire d\u00e9molir.<\/p>\n<p>L\u2019entente \u00e9tablie entre le propri\u00e9taire des terrains de la rue de l\u2019Ar\u00e9na et les 9 derniers locataires pr\u00e9voit que le d\u00e9placement [ou vraisemblablement la d\u00e9molition] des maisons mobiles est effectu\u00e9 \u00e0 ses frais. C\u2019est ce qui a \u00e9t\u00e9 fait avec les 11 locataires du 550, en octobre dernier, sur des terrains acquis de la Ville de L\u00e9vis.<\/p>\n<p><strong>Une offre du GRT<\/strong><br \/>\nLa Ville de L\u00e9vis avait tout de m\u00eame une proposition pour les gens du 586. Le GRT leur offre en priorit\u00e9 un logement dans la coop\u00e9rative de logements implant\u00e9e \u00e0 proximit\u00e9 l\u2019Espace Saint-Louis dans le Vieux-L\u00e9vis. Offre que M. Thivierge et sa conjointe ont accept\u00e9.<\/p>\n<p>Si M. Thivierge a contact\u00e9 la presse, c\u2019est pour alerter d\u2019autres propri\u00e9taires habitant des maisons mobiles install\u00e9es sur des terrains lou\u00e9s.<\/p>\n<p>\u00ab Il faut qu\u2019ils soient au courant de leur num\u00e9ro de zone, pr\u00e9vient-il. Quand la Ville fait un changement de zonage, elle devrait les aviser par la poste et pas mettre \u00e7a dans le journal comme ils ont fait avec nous. On se r\u00e9veille, le lendemain matin, avec un homme qui se pr\u00e9sente avec un papier comme quoi on est expuls\u00e9. \u00bb<\/p><\/blockquote>\n<p><img decoding=\"async\" alt=\"\" src=\"http:\/\/www.levisurbain.ca\/images\/peuple_levis.gif\" border=\"0\" \/><br \/>\nReproduit avec autorisation au moment de la publication sur ce blogue.<\/p>\n","protected":false},"excerpt":{"rendered":"<p>Article de Pierre Duquet. Le Peuple L\u00e9vis.<\/p>\n<blockquote><p><strong>Les occupants des neuf maisons mobiles du 586, rue de l\u2019Ar\u00e9na du quartier Saint-R\u00e9dempteur ont appris le 25 mars dernier que la Ville de L\u00e9vis n\u2019avait finalement aucun terrain \u00e0 leur offrir d\u2019ici le 31 juillet. Ils devront donc abandonner leur r\u00e9sidence ou la faire d\u00e9placer l\u00e0 o\u00f9 ils le pourront. Cette derni\u00e8re option leur appara\u00eet irr\u00e9aliste.<\/strong><\/p>\n<p>La Ville de L\u00e9vis, de concert avec le GRT habitation L\u00e9vy, a tent\u00e9 pendant un an de faire en sorte que les neuf derniers propri\u00e9taires de maisons mobiles de la rue de l\u2019Ar\u00e9na du quartier Saint-R\u00e9dempteur puissent se d\u00e9localiser dans la rue des Bouleaux du secteur Breakeyville.<\/p>\n<p>Lors de la rencontre du 25 mars avec des repr\u00e9sentants de la Ville et du GRT, leur espoir de conserver leur r\u00e9sidence s\u2019est \u00e9vanoui. Pourquoi ? Parce que le terrain qu\u2019on souhaitait acqu\u00e9rir ne dispose pas des services d\u2019aqueduc et d\u2019\u00e9gout et qu\u2019il \u00e9tait impossible pour la Ville d\u2019effecteur de tels travaux pour le 31 juillet.<\/p>\n<p><a name=\"more\"><\/a>Andr\u00e9 Thivierge et sa conjointe, Johanne Fournier, sont au nombre de ceux qui devront tenter de vendre leur maison mobile d\u2019ici le 31 juillet ou carr\u00e9ment l\u2019abandonner sur place pour qu\u2019elle soit d\u00e9molie.<\/p><\/blockquote>\n","protected":false},"author":5,"featured_media":0,"comment_status":"open","ping_status":"open","sticky":false,"template":"","format":"standard","meta":{"footnotes":""},"categories":[65,55],"tags":[],"class_list":["post-15088","post","type-post","status-publish","format-standard","hentry","category-gouvernement","category-habitation"],"_links":{"self":[{"href":"http:\/\/www.levisurbain.ca\/index.php?rest_route=\/wp\/v2\/posts\/15088","targetHints":{"allow":["GET"]}}],"collection":[{"href":"http:\/\/www.levisurbain.ca\/index.php?rest_route=\/wp\/v2\/posts"}],"about":[{"href":"http:\/\/www.levisurbain.ca\/index.php?rest_route=\/wp\/v2\/types\/post"}],"author":[{"embeddable":true,"href":"http:\/\/www.levisurbain.ca\/index.php?rest_route=\/wp\/v2\/users\/5"}],"replies":[{"embeddable":true,"href":"http:\/\/www.levisurbain.ca\/index.php?rest_route=%2Fwp%2Fv2%2Fcomments&post=15088"}],"version-history":[{"count":2,"href":"http:\/\/www.levisurbain.ca\/index.php?rest_route=\/wp\/v2\/posts\/15088\/revisions"}],"predecessor-version":[{"id":16644,"href":"http:\/\/www.levisurbain.ca\/index.php?rest_route=\/wp\/v2\/posts\/15088\/revisions\/16644"}],"wp:attachment":[{"href":"http:\/\/www.levisurbain.ca\/index.php?rest_route=%2Fwp%2Fv2%2Fmedia&parent=15088"}],"wp:term":[{"taxonomy":"category","embeddable":true,"href":"http:\/\/www.levisurbain.ca\/index.php?rest_route=%2Fwp%2Fv2%2Fcategories&post=15088"},{"taxonomy":"post_tag","embeddable":true,"href":"http:\/\/www.levisurbain.ca\/index.php?rest_route=%2Fwp%2Fv2%2Ftags&post=15088"}],"curies":[{"name":"wp","href":"https:\/\/api.w.org\/{rel}","templated":true}]}}