{"id":15005,"date":"2021-03-17T10:28:52","date_gmt":"2021-03-17T14:28:52","guid":{"rendered":"http:\/\/www.levisurbain.ca\/?p=15005"},"modified":"2021-03-17T11:20:01","modified_gmt":"2021-03-17T15:20:01","slug":"un-complexe-de-serres-de-70-m-verra-le-jour-a-levis","status":"publish","type":"post","link":"http:\/\/www.levisurbain.ca\/?p=15005","title":{"rendered":"Un complexe de serres de 70 M$ verra le jour \u00e0 L\u00e9vis"},"content":{"rendered":"<p>Article de F\u00e9lix Morissette-Beaulieu. <a href=\"https:\/\/ici.radio-canada.ca\/quebec\" target=\"_blank\" rel=\"noopener noreferrer\">Ici-Radio-Canada.ca &#8211; Section Qu\u00e9bec<\/a>.<\/p>\n<blockquote><p><strong>Le gouvernement du Qu\u00e9bec annonce une aide financi\u00e8re de 23 millions de dollars pour la cr\u00e9ation d&rsquo;un complexe de serres des Productions horticoles Demers, \u00e0 L\u00e9vis.<\/strong><\/p>\n<p>Le projet de l&rsquo;entreprise, qui se sp\u00e9cialise dans la culture en serre, est d&rsquo;une valeur totale de 70\u00a0millions de dollars et aura une taille de 15 hectares.<\/p>\n<p>L&rsquo;aide financi\u00e8re du gouvernement s&rsquo;\u00e9chelonnera de 2022 \u00e0 2030 et consistera principalement aux remboursements des co\u00fbts d&rsquo;\u00e9lectricit\u00e9 du complexe, jusqu&rsquo;\u00e0 concurrence de 40\u00a0%.<\/p><\/blockquote>\n<p>=&gt; <a href=\"https:\/\/ici.radio-canada.ca\/nouvelle\/1777900\/complexe-serres-de-15-hectares-levis-demers-horticoles\" target=\"_blank\" rel=\"noopener noreferrer\">La suite \u00e0 Ici-Radio-Canada.ca -Section Qu\u00e9bec<\/a>.<\/p>\n","protected":false},"excerpt":{"rendered":"<p>Article de F\u00e9lix Morissette-Beaulieu. Ici-Radio-Canada.ca &#8211; Section Qu\u00e9bec. Le gouvernement du Qu\u00e9bec annonce une aide financi\u00e8re de 23 millions de dollars pour la cr\u00e9ation d&rsquo;un complexe de serres des Productions horticoles Demers, \u00e0 L\u00e9vis. Le projet de l&rsquo;entreprise, qui se sp\u00e9cialise dans la culture en serre, est d&rsquo;une valeur totale de 70\u00a0millions de dollars et\u2026 <span class=\"read-more\"><a href=\"http:\/\/www.levisurbain.ca\/?p=15005\">Lire la suite &raquo;<\/a><\/span><\/p>\n","protected":false},"author":1,"featured_media":0,"comment_status":"open","ping_status":"open","sticky":false,"template":"","format":"standard","meta":{"footnotes":""},"categories":[58],"tags":[],"class_list":["post-15005","post","type-post","status-publish","format-standard","hentry","category-commerce-economie"],"_links":{"self":[{"href":"http:\/\/www.levisurbain.ca\/index.php?rest_route=\/wp\/v2\/posts\/15005","targetHints":{"allow":["GET"]}}],"collection":[{"href":"http:\/\/www.levisurbain.ca\/index.php?rest_route=\/wp\/v2\/posts"}],"about":[{"href":"http:\/\/www.levisurbain.ca\/index.php?rest_route=\/wp\/v2\/types\/post"}],"author":[{"embeddable":true,"href":"http:\/\/www.levisurbain.ca\/index.php?rest_route=\/wp\/v2\/users\/1"}],"replies":[{"embeddable":true,"href":"http:\/\/www.levisurbain.ca\/index.php?rest_route=%2Fwp%2Fv2%2Fcomments&post=15005"}],"version-history":[{"count":0,"href":"http:\/\/www.levisurbain.ca\/index.php?rest_route=\/wp\/v2\/posts\/15005\/revisions"}],"wp:attachment":[{"href":"http:\/\/www.levisurbain.ca\/index.php?rest_route=%2Fwp%2Fv2%2Fmedia&parent=15005"}],"wp:term":[{"taxonomy":"category","embeddable":true,"href":"http:\/\/www.levisurbain.ca\/index.php?rest_route=%2Fwp%2Fv2%2Fcategories&post=15005"},{"taxonomy":"post_tag","embeddable":true,"href":"http:\/\/www.levisurbain.ca\/index.php?rest_route=%2Fwp%2Fv2%2Ftags&post=15005"}],"curies":[{"name":"wp","href":"https:\/\/api.w.org\/{rel}","templated":true}]}}