{"id":14998,"date":"2021-03-08T21:46:28","date_gmt":"2021-03-09T02:46:28","guid":{"rendered":"http:\/\/www.levisurbain.ca\/?p=14998"},"modified":"2021-03-08T21:46:35","modified_gmt":"2021-03-09T02:46:35","slug":"emplacement-du-3e-lien-un-debat-deja-tranche-affirme-lehouillier","status":"publish","type":"post","link":"http:\/\/www.levisurbain.ca\/?p=14998","title":{"rendered":"Emplacement du 3e lien : un d\u00e9bat d\u00e9j\u00e0 tranch\u00e9, affirme Lehouillier"},"content":{"rendered":"<p>Article de Ta\u00efeb Moalla. <a href=\"https:\/\/www.journaldequebec.com\" rel=\"noopener\" target=\"_blank\">Le Journal de Qu\u00e9bec<\/a>.<\/p>\n<blockquote><p><strong>Les personnes qui se battent pour que le troisi\u00e8me lien, entre Qu\u00e9bec et L\u00e9vis, soit situ\u00e9 \u00e0 l\u2019est \u00ab sont consid\u00e9rablement en retard \u00bb, a pr\u00e9venu le maire de L\u00e9vis.<\/strong><\/p>\n<p>Gilles Lehouillier r\u00e9agissait lundi \u00e0 la sortie faite la semaine derni\u00e8re par l\u2019ancien maire de Saint-Anselme, Michel Bonneau. Ce dernier a pris la t\u00eate d\u2019un nouveau comit\u00e9 se battant pour un retour au trac\u00e9 initial \u2013 \u00e0 l\u2019est \u2013 du troisi\u00e8me lien, qui serait, selon lui, plus avantageux pour les citoyens de Bellechasse.<\/p><\/blockquote>\n<p>=> La suite de l&rsquo;article sur <a href=\"https:\/\/www.journaldequebec.com\/2021\/03\/08\/emplacement-du-3e-lien-un-debat-deja-tranche-affirme-lehouillier\" rel=\"noopener\" target=\"_blank\">journaldequebec.com<\/a>.<\/p>\n","protected":false},"excerpt":{"rendered":"<p>Article de Ta\u00efeb Moalla. Le Journal de Qu\u00e9bec. Les personnes qui se battent pour que le troisi\u00e8me lien, entre Qu\u00e9bec et L\u00e9vis, soit situ\u00e9 \u00e0 l\u2019est \u00ab sont consid\u00e9rablement en retard \u00bb, a pr\u00e9venu le maire de L\u00e9vis. Gilles Lehouillier r\u00e9agissait lundi \u00e0 la sortie faite la semaine derni\u00e8re par l\u2019ancien maire de Saint-Anselme, Michel\u2026 <span class=\"read-more\"><a href=\"http:\/\/www.levisurbain.ca\/?p=14998\">Lire la suite &raquo;<\/a><\/span><\/p>\n","protected":false},"author":5,"featured_media":0,"comment_status":"open","ping_status":"open","sticky":false,"template":"","format":"standard","meta":{"footnotes":""},"categories":[65,60],"tags":[63],"class_list":["post-14998","post","type-post","status-publish","format-standard","hentry","category-gouvernement","category-transports","tag-3e-lien"],"_links":{"self":[{"href":"http:\/\/www.levisurbain.ca\/index.php?rest_route=\/wp\/v2\/posts\/14998","targetHints":{"allow":["GET"]}}],"collection":[{"href":"http:\/\/www.levisurbain.ca\/index.php?rest_route=\/wp\/v2\/posts"}],"about":[{"href":"http:\/\/www.levisurbain.ca\/index.php?rest_route=\/wp\/v2\/types\/post"}],"author":[{"embeddable":true,"href":"http:\/\/www.levisurbain.ca\/index.php?rest_route=\/wp\/v2\/users\/5"}],"replies":[{"embeddable":true,"href":"http:\/\/www.levisurbain.ca\/index.php?rest_route=%2Fwp%2Fv2%2Fcomments&post=14998"}],"version-history":[{"count":0,"href":"http:\/\/www.levisurbain.ca\/index.php?rest_route=\/wp\/v2\/posts\/14998\/revisions"}],"wp:attachment":[{"href":"http:\/\/www.levisurbain.ca\/index.php?rest_route=%2Fwp%2Fv2%2Fmedia&parent=14998"}],"wp:term":[{"taxonomy":"category","embeddable":true,"href":"http:\/\/www.levisurbain.ca\/index.php?rest_route=%2Fwp%2Fv2%2Fcategories&post=14998"},{"taxonomy":"post_tag","embeddable":true,"href":"http:\/\/www.levisurbain.ca\/index.php?rest_route=%2Fwp%2Fv2%2Ftags&post=14998"}],"curies":[{"name":"wp","href":"https:\/\/api.w.org\/{rel}","templated":true}]}}