{"id":14948,"date":"2021-02-03T11:43:52","date_gmt":"2021-02-03T16:43:52","guid":{"rendered":"http:\/\/www.levisurbain.ca\/?p=14948"},"modified":"2021-02-03T12:40:58","modified_gmt":"2021-02-03T17:40:58","slug":"investissement-de-9-m-au-parc-de-la-pointe-benson-un-autre-chainon-essentiel-pour-favoriser-lacces-au-fleuve","status":"publish","type":"post","link":"http:\/\/www.levisurbain.ca\/?p=14948","title":{"rendered":"Investissement de 9 M$ au parc de la Pointe-Benson, un autre cha\u00eenon essentiel pour favoriser l\u2019acc\u00e8s au fleuve"},"content":{"rendered":"<p>Source: Ville de L\u00e9vis<\/p>\n<blockquote><p><strong>Le maire de L\u00e9vis, monsieur Gilles Lehouillier, et la conseill\u00e8re municipale de Saint-Romuald, madame Brigitte Duchesneau, ont annonc\u00e9 aujourd\u2019hui que les travaux d\u2019am\u00e9nagement du parc de la Pointe-Benson d\u00e9buteront d\u00e8s ce printemps. Fort d\u2019un consensus obtenu \u00e0 la suite des 3 rencontres d\u2019information tenues les 1er, 8 et 21 d\u00e9cembre dernier, ce projet repr\u00e9sentant un investissement de 9 M$ s\u2019ajoute \u00e0 l\u2019impressionnante liste des investissements faits pour la bonification de la qualit\u00e9 de vie \u00e0 L\u00e9vis. C\u2019est d\u2019ailleurs dans cet esprit, et pour la s\u00e9curit\u00e9 de tous, que la circulation dans le secteur sera modifi\u00e9e et des mesures d\u2019att\u00e9nuation sont soigneusement planifi\u00e9es pour les citoyennes et citoyens riverains. Des rencontres d\u2019\u00e9changes sont d\u2019ailleurs pr\u00e9vues avec ces derniers afin de bonifier les mesures propos\u00e9es.<\/strong><\/p>\n<p>\u00ab Ce projet de grande envergure est rendu possible gr\u00e2ce \u00e0 la contribution financi\u00e8re de 7 M$ du gouvernement du Qu\u00e9bec et de la Commission de la capitale nationale du Qu\u00e9bec avec la pr\u00e9cieuse collaboration de la ministre responsable de la Capitale-Nationale, madame Genevi\u00e8ve Guilbault. Le d\u00e9veloppement de ce nouveau parc s\u2019inscrit dans la vision du conseil municipal de bonifier la qualit\u00e9 de vie des L\u00e9visiennes et des L\u00e9visiens. Avec le nouveau parc de la Pointe-Benson, la Ville souhaite redonner l\u2019acc\u00e8s au fleuve et \u00e0 ses affluents \u00e0 la population. Cet objectif demeure un puissant levier de d\u00e9veloppement social et \u00e9conomique \u00bb, a expliqu\u00e9 le maire de L\u00e9vis, monsieur Gilles Lehouillier.<\/p>\n<p>\u00ab Ce parc, qui veut mettre en valeur la richesse patrimoniale, historique et arch\u00e9ologique du lieu, contribuera sans aucun doute \u00e0 la revitalisation du Vieux Saint-Romuald, et ce, en coh\u00e9rence avec le programme particulier d\u2019urbanisme du secteur \u00bb, a ajout\u00e9 la conseill\u00e8re municipale, madame Brigitte Duchesneau.<\/p><\/blockquote>\n<p>(<a href=\"https:\/\/www.ville.levis.qc.ca\/fileadmin\/documents\/communiques\/ANNEXE_Parc_de_la_Pointe-Benson.pdf\" target=\"_blank\" rel=\"noopener\">Voir Annexe<\/a>)<!--more--><\/p>\n<p><a name=\"more\"><\/a><\/p>\n<blockquote><p><strong>Un parc en 3 secteurs reli\u00e9s par le chemin du Fleuve<\/strong><br \/>\nLe futur parc de la Pointe-Benson est un joyau autant pour son panorama exceptionnel que sa valeur historique, patrimoniale et arch\u00e9ologique. Ces \u00e9l\u00e9ments seront mis en valeur dans les nouveaux am\u00e9nagements qui se diviseront en 3 secteurs distincts : le secteur du parc de la Pointe-Benson, le secteur du parc de l\u2019Anse-Benson et le secteur du parc du manoir Wade. Le tout sera unifi\u00e9 par la requalification du chemin du Fleuve en v\u00e9ritable lien cyclop\u00e9destre qui permettra \u00e0 la fois de rendre s\u00e9curitaire l\u2019ensemble des am\u00e9nagements, mais \u00e9galement de mettre en valeur l\u2019ancien chemin du Roy.<\/p>\n<p>D\u2019abord, le secteur du parc de la Pointe-Benson est d\u00e9limit\u00e9 par le terrain bordant l\u2019usine de filtration d\u2019eau. Il est caract\u00e9ris\u00e9 par son panorama sur le fleuve et son am\u00e9nagement visera la mise en valeur du contexte patrimonial et historique de ce lieu constituant l\u2019un des plus vieux sites d\u2019\u00e9tablissement au Qu\u00e9bec. Les am\u00e9nagements comprendront notamment :<\/p>\n<ul>\n<li>un sentier bordant le fleuve sur une longueur de 500 m\u00e8tres;<\/li>\n<li>un \u00e9l\u00e9ment d\u2019eau interactif compos\u00e9 de jets propulsant l\u2019eau \u00e0 diff\u00e9rentes hauteurs qui se d\u00e9verseront dans une rivi\u00e8re artificielle pour ensuite terminer leur parcours dans une cascade, plus bas sur le site;<\/li>\n<li>un grand belv\u00e9d\u00e8re d\u2019une longueur de 60 m\u00e8tres donnant acc\u00e8s \u00e0 des prises de vue exceptionnelles sur le fleuve et la Capitale nationale;<\/li>\n<li>une magnifique structure en hauteur de style pergola cr\u00e9ant une fen\u00eatre vers les ponts.<\/li>\n<\/ul>\n<p>La situation strat\u00e9gique de ce parc, \u00e0 mi-chemin entre le parc des Chutes-de-la-Chaudi\u00e8re et le parc de la Rivi\u00e8re-Etchemin, marque un point tournant dans la requalification du chemin du Fleuve pour en faire un milieu apais\u00e9 \u00e0 \u00e9chelle humaine. Ce chemin deviendra une voie multifonctionnelle plus conviviale, s\u00e9curitaire et partag\u00e9e gr\u00e2ce aux interventions qui y seront apport\u00e9es. Ce changement de vocation du chemin du Fleuve favorisera \u00e9galement la mise en valeur de ce qui \u00e9tait autrefois le chemin du Roy, une occasion unique de revenir \u00e0 une vitesse d\u2019\u00e9poque, propice \u00e0 la contemplation, \u00e0 l\u2019\u00e9change, \u00e0 la d\u00e9couverte!<\/p>\n<p>Le parc de l\u2019Anse-Benson, deuxi\u00e8me secteur, demeurera tel quel avec quelques cases de stationnement suppl\u00e9mentaires qui s\u2019ajouteront aux espaces actuels. Enfin, la portion du parc situ\u00e9e au sud du chemin du Fleuve, comprenant les vestiges du manoir Wade, constitue le troisi\u00e8me secteur d\u2019intervention. Le site du manoir Wade est l\u2019un des plus vieux sites d\u2019\u00e9tablissement au Qu\u00e9bec ce qui int\u00e9ressera assur\u00e9ment les citoyennes et citoyens qui sont de plus en plus curieux de leur histoire, et de celle de leur ville. D\u2019ailleurs, celui-ci fut l\u2019objet d\u2019importantes d\u00e9couvertes arch\u00e9ologiques. Un sentier sera am\u00e9nag\u00e9 dans ce secteur pour acc\u00e9der aux vestiges du manoir Wade et marcher dans les traces des chasseurs de passage il y a 9 500 ans.<\/p>\n<p>Cette trilogie de parcs, le parc de la Pointe-Benson, le parc de l\u2019Anse-Benson et le site du manoir, n\u2019est qu\u2019un exemple des mesures entreprises pour faire de cet endroit un site d\u2019exception d\u00e9di\u00e9 \u00e0 la qualit\u00e9 de vie des citoyennes et citoyens l\u00e9visiens qui d\u00e9sireront se r\u00e9approprier le fleuve et d\u00e9couvrir l\u2019histoire du lieu.<\/p>\n<p><strong>Un d\u00e9fi dans l\u2019am\u00e9nagement<\/strong><br \/>\nDes \u00e9tudes r\u00e9alis\u00e9es dans le cadre du projet du parc de la Pointe-Benson ont r\u00e9v\u00e9l\u00e9 plusieurs d\u00e9fis quant \u00e0 l\u2019am\u00e9nagement des lieux. En raison de la zone inondable, qui occupe une grande partie du site ainsi que des mouvements des eaux souterraines, qui peuvent affecter les infrastructures sous terre, la Ville a judicieusement d\u00e9velopp\u00e9 et planifi\u00e9 l\u2019am\u00e9nagement du parc afin de prot\u00e9ger les nouvelles infrastructures de ces ph\u00e9nom\u00e8nes naturels. Ainsi, les am\u00e9nagements tels qu\u2019une fontaine d\u2019eau ont n\u00e9cessairement \u00e9t\u00e9 localis\u00e9s plus au sud du parc, soit \u00e0 proximit\u00e9 du chemin du Fleuve. Ce faisant, la Ville souhaite donner l\u2019ampleur appropri\u00e9e \u00e0 ce nouveau parc qui communiquera avec le futur site des vestiges du manoir Wade, afin d\u2019en faire un site s\u00e9curitaire et pleinement d\u00e9di\u00e9 \u00e0 la d\u00e9couverte et \u00e0 l\u2019interpr\u00e9tation de sa riche histoire et de sa valeur arch\u00e9ologique unique au Qu\u00e9bec.<\/p>\n<p><strong>Circulation automobile sur le chemin du Fleuve<\/strong><br \/>\nPour assurer l\u2019am\u00e9nagement ad\u00e9quat du site et pour des raisons \u00e9videntes de s\u00e9curit\u00e9 des usagers, le concept d\u2019am\u00e9nagement pr\u00e9voit que la circulation sur le chemin du Fleuve \u00e0 la hauteur du parc sera r\u00e9serv\u00e9e aux cyclistes, aux pi\u00e9tons ainsi qu\u2019aux v\u00e9hicules des services d\u2019urgence. La circulation automobile sera donc d\u00e9vi\u00e9e pour r\u00e9duire la circulation de transit sur l\u2019ensemble du secteur et assurer la s\u00e9curit\u00e9 des utilisateurs du parc.<\/p>\n<p><strong>Mesures d\u2019att\u00e9nuation envisag\u00e9es<\/strong><br \/>\nLes nouveaux am\u00e9nagements n\u00e9cessiteront la mise en place de mesures d\u2019att\u00e9nuation en ce qui a trait \u00e0 la circulation aux alentours du futur parc de la Pointe-Benson. Ces mesures ont d\u2019ailleurs \u00e9t\u00e9 pr\u00e9sent\u00e9es lors des rencontres citoyennes du mois de d\u00e9cembre :<\/p>\n<ul>\n<li>signalisation distinctive;<\/li>\n<li>ajout de textures et motifs sur la chauss\u00e9e;<\/li>\n<li>r\u00e9duction de la largeur de certaines rues;<\/li>\n<li>diminution de la vitesse de circulation, etc.<\/li>\n<\/ul>\n<p>Toujours \u00e0 l\u2019\u00e9coute de sa population, la Ville a pris bonne note des commentaires formul\u00e9s lors de ces s\u00e9ances et elle commencera dans les prochains jours, avec les citoyennes et citoyens riverains, les rencontres d\u2019\u00e9changes \u00e0 ce sujet afin de compl\u00e9ter les commentaires d\u00e9j\u00e0 re\u00e7us. Rappelons que ces mesures ont \u00e9galement \u00e9t\u00e9 \u00e9labor\u00e9es afin de r\u00e9soudre des probl\u00e9matiques qui \u00e9taient d\u00e9j\u00e0 existantes.<\/p>\n<p><strong>Un projet phare pour la revitalisation du Vieux-Saint-Romuald<\/strong><br \/>\nLa Ville de L\u00e9vis partage avec la Communaut\u00e9 m\u00e9tropolitaine de Qu\u00e9bec une vision commune pour redonner l\u2019acc\u00e8s au fleuve et \u00e0 ses affluents \u00e0 la population. La transformation du site de la Pointe Benson en parc urbain s\u2019inscrit dans cette vision et figure parmi les projets structurants pour la revitalisation du quartier traditionnel de Saint-Romuald. Le projet du parc devient ainsi l\u2019\u00e9l\u00e9ment cl\u00e9 de la redynamisation du chemin du Fleuve, en toute coh\u00e9rence avec le plan particulier d\u2019urbanisme.<\/p>\n<p>Dans cette optique de revitalisation du Vieux-Saint-Romuald, plusieurs projets sont pr\u00e9sentement \u00e0 l\u2019\u00e9tude dont l\u2019am\u00e9lioration du parc du Rigolet en collaboration avec le Juv\u00e9nat Notre-Dame, le r\u00e9am\u00e9nagement du parc Aline-Welch-Murphy et le prolongement du parcours des Anses vers le quartier industriel. Aussi, le parc de la Rivi\u00e8re-Etchemin \u00e0 proximit\u00e9, accueillera un nouveau chalet de service d\u00e8s cette ann\u00e9e. De plus, la Ville \u00e9tudie la possibilit\u00e9 de construire une passerelle cyclop\u00e9destre enjambant la Rivi\u00e8re Chaudi\u00e8re \u00e0 l\u2019emplacement m\u00eame de l\u2019ancien pont Garneau qui constituerait un des grands liens d\u2019interconnexion des pistes cyclables, et ce, non seulement pour L\u00e9vis, mais pour l\u2019ensemble de la r\u00e9gion.<\/p>\n<p>La r\u00e9alisation du projet d\u2019envergure du nouveau parc de la Pointe-Benson est un pas important dans cette direction qui assurera une meilleure qualit\u00e9 de vie pour les r\u00e9sidents du secteur, mais aussi pour l\u2019ensemble de la population qui profitera de ces nouvelles installations.<\/p><\/blockquote>\n","protected":false},"excerpt":{"rendered":"<p>Source: Ville de L\u00e9vis Le maire de L\u00e9vis, monsieur Gilles Lehouillier, et la conseill\u00e8re municipale de Saint-Romuald, madame Brigitte Duchesneau, ont annonc\u00e9 aujourd\u2019hui que les travaux d\u2019am\u00e9nagement du parc de la Pointe-Benson d\u00e9buteront d\u00e8s ce printemps. Fort d\u2019un consensus obtenu \u00e0 la suite des 3 rencontres d\u2019information tenues les 1er, 8 et 21 d\u00e9cembre dernier,\u2026 <span class=\"read-more\"><a href=\"http:\/\/www.levisurbain.ca\/?p=14948\">Lire la suite &raquo;<\/a><\/span><\/p>\n","protected":false},"author":1,"featured_media":0,"comment_status":"open","ping_status":"open","sticky":false,"template":"","format":"standard","meta":{"footnotes":""},"categories":[92,71],"tags":[],"class_list":["post-14948","post","type-post","status-publish","format-standard","hentry","category-developpement-du-territoire","category-environnement"],"_links":{"self":[{"href":"http:\/\/www.levisurbain.ca\/index.php?rest_route=\/wp\/v2\/posts\/14948","targetHints":{"allow":["GET"]}}],"collection":[{"href":"http:\/\/www.levisurbain.ca\/index.php?rest_route=\/wp\/v2\/posts"}],"about":[{"href":"http:\/\/www.levisurbain.ca\/index.php?rest_route=\/wp\/v2\/types\/post"}],"author":[{"embeddable":true,"href":"http:\/\/www.levisurbain.ca\/index.php?rest_route=\/wp\/v2\/users\/1"}],"replies":[{"embeddable":true,"href":"http:\/\/www.levisurbain.ca\/index.php?rest_route=%2Fwp%2Fv2%2Fcomments&post=14948"}],"version-history":[{"count":0,"href":"http:\/\/www.levisurbain.ca\/index.php?rest_route=\/wp\/v2\/posts\/14948\/revisions"}],"wp:attachment":[{"href":"http:\/\/www.levisurbain.ca\/index.php?rest_route=%2Fwp%2Fv2%2Fmedia&parent=14948"}],"wp:term":[{"taxonomy":"category","embeddable":true,"href":"http:\/\/www.levisurbain.ca\/index.php?rest_route=%2Fwp%2Fv2%2Fcategories&post=14948"},{"taxonomy":"post_tag","embeddable":true,"href":"http:\/\/www.levisurbain.ca\/index.php?rest_route=%2Fwp%2Fv2%2Ftags&post=14948"}],"curies":[{"name":"wp","href":"https:\/\/api.w.org\/{rel}","templated":true}]}}