{"id":14888,"date":"2020-11-16T16:42:25","date_gmt":"2020-11-16T21:42:25","guid":{"rendered":"http:\/\/www.levisurbain.ca\/?p=14888"},"modified":"2021-02-08T14:06:00","modified_gmt":"2021-02-08T19:06:00","slug":"levis-sattaque-au-sifflet-du-train-a-charny","status":"publish","type":"post","link":"http:\/\/www.levisurbain.ca\/?p=14888","title":{"rendered":"L\u00e9vis s\u2019attaque au sifflet du train \u00e0 Charny"},"content":{"rendered":"<p>Article de F\u00e9lix Morrissette-Beaulieu. <a href=\"https:\/\/ici.radio-canada.ca\/quebec\" target=\"_blank\" rel=\"noopener noreferrer\">Ici-Radio-Canada.ca Section Qu\u00e9bec<\/a><\/p>\n<blockquote><p><strong>La Ville de L\u00e9vis enclenche la proc\u00e9dure aupr\u00e8s du Canadien National (CN) pour abolir le sifflet du train aux passages \u00e0 niveau du chemin de Charny, de la rue de la Traverse et de l\u2019avenue des \u00c9glises.<\/strong><\/p>\n<p>Depuis la trag\u00e9die ferroviaire de Lac-M\u00e9gantic et la nouvelle r\u00e9glementation f\u00e9d\u00e9rale de 2015, les m\u00e9caniciens de locomotive doivent activer le sifflet de train \u00e0 400 m\u00e8tres d\u2019un passage \u00e0 niveau, et doivent actionner ce sifflet jusqu\u2019\u00e0 ce qu\u2019ils occupent compl\u00e8tement le passage \u00e0 niveau, d\u00e9fend la Ville.<\/p>\n<p>Comme il y a trois traverses ferroviaires rapproch\u00e9es dans le secteur de Charny, le sifflet doit \u00eatre activ\u00e9 sur une distance minimale de 1,2 kilom\u00e8tre, ce qui est \u00e0 la source des demandes visant \u00e0 faire cesser le sifflet de train.<\/p><\/blockquote>\n<p>=&gt; <a href=\"https:\/\/ici.radio-canada.ca\/nouvelle\/1749935\/levis-attaque-sifflet-train-charny-cn\" target=\"_blank\" rel=\"noopener noreferrer\">La suite Ici-Radio-Canada.ca Section Qu\u00e9bec<\/a>.<\/p>\n","protected":false},"excerpt":{"rendered":"<p>Article de F\u00e9lix Morrissette-Beaulieu. Ici-Radio-Canada.ca Section Qu\u00e9bec La Ville de L\u00e9vis enclenche la proc\u00e9dure aupr\u00e8s du Canadien National (CN) pour abolir le sifflet du train aux passages \u00e0 niveau du chemin de Charny, de la rue de la Traverse et de l\u2019avenue des \u00c9glises. Depuis la trag\u00e9die ferroviaire de Lac-M\u00e9gantic et la nouvelle r\u00e9glementation f\u00e9d\u00e9rale\u2026 <span class=\"read-more\"><a href=\"http:\/\/www.levisurbain.ca\/?p=14888\">Lire la suite &raquo;<\/a><\/span><\/p>\n","protected":false},"author":1,"featured_media":0,"comment_status":"open","ping_status":"open","sticky":false,"template":"","format":"standard","meta":{"footnotes":""},"categories":[71,60],"tags":[],"class_list":["post-14888","post","type-post","status-publish","format-standard","hentry","category-environnement","category-transports"],"_links":{"self":[{"href":"http:\/\/www.levisurbain.ca\/index.php?rest_route=\/wp\/v2\/posts\/14888","targetHints":{"allow":["GET"]}}],"collection":[{"href":"http:\/\/www.levisurbain.ca\/index.php?rest_route=\/wp\/v2\/posts"}],"about":[{"href":"http:\/\/www.levisurbain.ca\/index.php?rest_route=\/wp\/v2\/types\/post"}],"author":[{"embeddable":true,"href":"http:\/\/www.levisurbain.ca\/index.php?rest_route=\/wp\/v2\/users\/1"}],"replies":[{"embeddable":true,"href":"http:\/\/www.levisurbain.ca\/index.php?rest_route=%2Fwp%2Fv2%2Fcomments&post=14888"}],"version-history":[{"count":0,"href":"http:\/\/www.levisurbain.ca\/index.php?rest_route=\/wp\/v2\/posts\/14888\/revisions"}],"wp:attachment":[{"href":"http:\/\/www.levisurbain.ca\/index.php?rest_route=%2Fwp%2Fv2%2Fmedia&parent=14888"}],"wp:term":[{"taxonomy":"category","embeddable":true,"href":"http:\/\/www.levisurbain.ca\/index.php?rest_route=%2Fwp%2Fv2%2Fcategories&post=14888"},{"taxonomy":"post_tag","embeddable":true,"href":"http:\/\/www.levisurbain.ca\/index.php?rest_route=%2Fwp%2Fv2%2Ftags&post=14888"}],"curies":[{"name":"wp","href":"https:\/\/api.w.org\/{rel}","templated":true}]}}