{"id":14872,"date":"2020-11-13T20:53:27","date_gmt":"2020-11-14T01:53:27","guid":{"rendered":"http:\/\/www.levisurbain.ca\/?p=14872"},"modified":"2020-12-05T15:33:42","modified_gmt":"2020-12-05T20:33:42","slug":"la-premiere-phase-des-travaux-achevee-sur-saint-omer","status":"publish","type":"post","link":"http:\/\/www.levisurbain.ca\/?p=14872","title":{"rendered":"La premi\u00e8re phase des travaux achev\u00e9e sur Saint-Omer"},"content":{"rendered":"<p>Article de Aude Malaret. <a href=\"https:\/\/www.journaldelevis.com\/fr\/\" target=\"_blank\" rel=\"noopener noreferrer\">Le Journal de L\u00e9vis<\/a>.<\/p>\n<blockquote><div id=\"attachment_14876\" style=\"width: 510px\" class=\"wp-caption alignnone\"><img loading=\"lazy\" decoding=\"async\" aria-describedby=\"caption-attachment-14876\" class=\"size-full wp-image-14876\" src=\"http:\/\/www.levisurbain.ca\/wp-content\/uploads\/prolongement1_jdlevis_13112020_1.jpg\" alt=\"\" width=\"500\" height=\"286\" srcset=\"http:\/\/www.levisurbain.ca\/wp-content\/uploads\/prolongement1_jdlevis_13112020_1.jpg 500w, http:\/\/www.levisurbain.ca\/wp-content\/uploads\/prolongement1_jdlevis_13112020_1-300x172.jpg 300w\" sizes=\"auto, (max-width: 500px) 100vw, 500px\" \/><p id=\"caption-attachment-14876\" class=\"wp-caption-text\">La rue Saint-Omer r\u00e9am\u00e9nag\u00e9e et prolong\u00e9e. Cr\u00e9dit : VILLE DE L\u00c9VIS.<\/p><\/div>\n<p><strong>Le prolongement de la rue Saint-Omer est termin\u00e9 et les quatre voies sont ouvertes \u00e0 la circulation. Cette phase 1, qui couvrait la portion de route entre les boulevards Guillaume-Couture et \u00c9tienne-Dallaire, a \u00e9t\u00e9 r\u00e9alis\u00e9e pour un montant de 17 M$ financ\u00e9 par la Ville.<\/strong><\/p>\n<p>Le prolongement de la rue Saint-Omer vient compl\u00e9ter celui du boulevard \u00c9tienne-Dallaire \u00e0 partir du boulevard Alphonse-Desjardins, sur une distance de pr\u00e8s de 1 km. Le nouvel axe vient remplacer le chemin des Forts, d\u00e9sormais ferm\u00e9 \u00e0 la circulation sauf pour l\u2019acc\u00e8s aux r\u00e9sidences priv\u00e9es.<\/p>\n<p>D\u00e9but\u00e9e en 2019, la premi\u00e8re phase du prolongement de la rue Saint-Omer repr\u00e9sente un investissement de 17 M$. Cette nouvelle section est compos\u00e9e de quatre voies de circulation, d\u2019un terre-plein central ainsi que d\u2019un trottoir et d\u2019une piste cyclable, tous deux situ\u00e9s du c\u00f4t\u00e9 ouest de la rue.<\/p>\n<p>Les prochaines \u00e9tapes pr\u00e9vues sont la poursuite du prolongement de la rue Saint-Omer jusqu\u2019\u00e0 l\u2019autoroute 20 et le r\u00e9am\u00e9nagement \u00e0 quatre voies du boulevard Wilfrid-Carrier. Le co\u00fbt de cette seconde phase s\u2019\u00e9l\u00e8vera \u00e0 25 M$. Au total, les nouvelles installations routi\u00e8res se chiffreront \u00e0 42 M$, un montant enti\u00e8rement financ\u00e9 par la Ville.<br \/>\n<!--more--><\/p>\n<div id=\"attachment_14877\" style=\"width: 510px\" class=\"wp-caption alignnone\"><img loading=\"lazy\" decoding=\"async\" aria-describedby=\"caption-attachment-14877\" class=\"size-full wp-image-14877\" src=\"http:\/\/www.levisurbain.ca\/wp-content\/uploads\/prolongement2_jdlevis_13112020_2.jpg\" alt=\"\" width=\"500\" height=\"286\" srcset=\"http:\/\/www.levisurbain.ca\/wp-content\/uploads\/prolongement2_jdlevis_13112020_2.jpg 500w, http:\/\/www.levisurbain.ca\/wp-content\/uploads\/prolongement2_jdlevis_13112020_2-300x172.jpg 300w\" sizes=\"auto, (max-width: 500px) 100vw, 500px\" \/><p id=\"caption-attachment-14877\" class=\"wp-caption-text\">La jonction avec \u00c9tienne-Dallaire. Cr\u00e9dit : VILLE DE L\u00c9VIS.<\/p><\/div>\n<p>La Ville de L\u00e9vis est toujours en n\u00e9gociation avec le minist\u00e8re des Transports du Qu\u00e9bec pour l\u2019ajout d\u2019un viaduc au-dessus de l\u2019autoroute 20 afin de permettre aux automobilistes d\u2019entrer et de sortir par la rue Saint-Omer \u00e0 quatre voies.<\/p>\n<p>Gilles Lehouillier a d\u2019ailleurs rappel\u00e9 \u00e0 ce propos que le gouvernement du Qu\u00e9bec s\u2019est engag\u00e9 lors de la derni\u00e8re campagne \u00e9lectorale \u00e0 r\u00e9aliser l\u2019infrastructure. Le maire demande \u00e0 Qu\u00e9bec de prendre la totalit\u00e9 du co\u00fbt du viaduc en charge puisque l\u2019ouvrage aura une \u00ab vocation r\u00e9gionale \u00bb, estime-t-il, notamment en permettant un acc\u00e8s plus direct \u00e0 l&rsquo;H\u00f4tel-Dieu de L\u00e9vis.<\/p>\n<p>\u00ab Cette nouvelle art\u00e8re est une r\u00e9ponse directe \u00e0 la congestion routi\u00e8re du secteur, croit le maire. Ces nouveaux am\u00e9nagements offriront de nouvelles options aux 35 000 personnes qui travaillent ou \u00e9tudient au centre-ville, dont une importante proportion provient de l\u2019ext\u00e9rieur de l\u2019agglom\u00e9ration de L\u00e9vis. Ils auront assur\u00e9ment pour effet d\u2019am\u00e9liorer la fluidit\u00e9 de la circulation \u00e0 proximit\u00e9 du boulevard Alphonse-Desjardins et des art\u00e8res environnantes. \u00bb<\/p>\n<p><strong>Tramway\u00a0: le gouvernement dans son r\u00f4le, estime Lehouillier<\/strong><\/p>\n<p>En marge de la conf\u00e9rence de presse, Gilles Lehouillier a r\u00e9agi \u00e0 la d\u00e9cision du minist\u00e8re des Transports de ne pas appuyer le projet de transport de la Ville de Qu\u00e9bec dans sa forme actuelle.<\/p>\n<p>\u00ab L\u2019attitude du gouvernement est tout \u00e0 fait correcte, a d\u00e9clar\u00e9 le maire. On continue \u00e0 appuyer la Ville de Qu\u00e9bec dans le projet de tramway. \u00c0 ce que je sais, le gouvernement n\u2019a pas l\u2019intention de remettre en question le tramway. \u00bb<\/p>\n<p>Le maire a salu\u00e9 la pr\u00e9occupation du gouvernement pour la r\u00e9alisation des interconnexions et l\u2019arrimage du projet avec celui du tunnel entre Qu\u00e9bec et L\u00e9vis. Finalement, Gilles Lehouillier ne croit pas que ce report du projet de transport sur la Rive-Nord nuira \u00e0 la mise en place du r\u00e9seau l\u00e9visien tel que pr\u00e9vue.<\/p><\/blockquote>\n<p><a href=\"http:\/\/www.journaldelevis.com\/\" target=\"_blank\" rel=\"noopener noreferrer\"><img decoding=\"async\" src=\"http:\/\/www.levisurbain.ca\/wp-content\/uploads\/2017\/04\/jdl_logo2012.png\" alt=\"\" \/><\/a><br \/>\nReproduit avec autorisation.<\/p>\n","protected":false},"excerpt":{"rendered":"<p>Article de Aude Malaret. Le Journal de L\u00e9vis. Le prolongement de la rue Saint-Omer est termin\u00e9 et les quatre voies sont ouvertes \u00e0 la circulation. Cette phase 1, qui couvrait la portion de route entre les boulevards Guillaume-Couture et \u00c9tienne-Dallaire, a \u00e9t\u00e9 r\u00e9alis\u00e9e pour un montant de 17 M$ financ\u00e9 par la Ville. Le prolongement\u2026 <span class=\"read-more\"><a href=\"http:\/\/www.levisurbain.ca\/?p=14872\">Lire la suite &raquo;<\/a><\/span><\/p>\n","protected":false},"author":1,"featured_media":0,"comment_status":"open","ping_status":"open","sticky":false,"template":"","format":"standard","meta":{"footnotes":""},"categories":[71,60],"tags":[],"class_list":["post-14872","post","type-post","status-publish","format-standard","hentry","category-environnement","category-transports"],"_links":{"self":[{"href":"http:\/\/www.levisurbain.ca\/index.php?rest_route=\/wp\/v2\/posts\/14872","targetHints":{"allow":["GET"]}}],"collection":[{"href":"http:\/\/www.levisurbain.ca\/index.php?rest_route=\/wp\/v2\/posts"}],"about":[{"href":"http:\/\/www.levisurbain.ca\/index.php?rest_route=\/wp\/v2\/types\/post"}],"author":[{"embeddable":true,"href":"http:\/\/www.levisurbain.ca\/index.php?rest_route=\/wp\/v2\/users\/1"}],"replies":[{"embeddable":true,"href":"http:\/\/www.levisurbain.ca\/index.php?rest_route=%2Fwp%2Fv2%2Fcomments&post=14872"}],"version-history":[{"count":0,"href":"http:\/\/www.levisurbain.ca\/index.php?rest_route=\/wp\/v2\/posts\/14872\/revisions"}],"wp:attachment":[{"href":"http:\/\/www.levisurbain.ca\/index.php?rest_route=%2Fwp%2Fv2%2Fmedia&parent=14872"}],"wp:term":[{"taxonomy":"category","embeddable":true,"href":"http:\/\/www.levisurbain.ca\/index.php?rest_route=%2Fwp%2Fv2%2Fcategories&post=14872"},{"taxonomy":"post_tag","embeddable":true,"href":"http:\/\/www.levisurbain.ca\/index.php?rest_route=%2Fwp%2Fv2%2Ftags&post=14872"}],"curies":[{"name":"wp","href":"https:\/\/api.w.org\/{rel}","templated":true}]}}