{"id":14744,"date":"2020-06-11T07:59:21","date_gmt":"2020-06-11T11:59:21","guid":{"rendered":"http:\/\/www.levisurbain.ca\/?p=14744"},"modified":"2020-07-04T16:19:14","modified_gmt":"2020-07-04T20:19:14","slug":"parc-a-chiens-un-projet-qui-suscite-des-reserves","status":"publish","type":"post","link":"http:\/\/www.levisurbain.ca\/?p=14744","title":{"rendered":"Parc \u00e0 chiens : un projet qui suscite des r\u00e9serves"},"content":{"rendered":"<p>Article de\u00a0<a href=\"https:\/\/www.journaldelevis.com\" target=\"_blank\" rel=\"noopener noreferrer\">Le Journal de L\u00e9vis<\/a>.<\/p>\n<blockquote><p><strong>Si plusieurs propri\u00e9taires de chiens sont heureux de l\u2019implantation d\u2019un parc \u00e0 chiens dans le parc de la Halte (situ\u00e9 sur le chemin de Charny), l\u2019arriv\u00e9e de ce nouvel \u00e9quipement d\u00e8s cet automne irrite les r\u00e9sidents du quartier r\u00e9sidentiel o\u00f9 est situ\u00e9 le parc de la Halte. Certains voisins du parc d\u00e9plorent qu\u2019ils n\u2019aient jamais \u00e9t\u00e9 consult\u00e9s et que plusieurs de leurs questions demeurent pour le moment sans r\u00e9ponse.<\/strong><\/p>\n<p>\u00ab Nous n\u2019avons rien contre les chiens, la moiti\u00e9 des r\u00e9sidents du quartier en ont. [\u2026] Toutefois, nous trouvons aberrant que nous n\u2019ayons pas \u00e9t\u00e9 consult\u00e9s ou avis\u00e9s de l\u2019implantation du parc canin. \u00c0 la Ville, on nous a r\u00e9pondu que la municipalit\u00e9 n\u2019\u00e9tait pas tenue de tenir une consultation publique puisque le terrain o\u00f9 le parc \u00e0 chiens sera implant\u00e9 est d\u00e9j\u00e0 un parc. Mais on ne parle pas de seulement changer des modules de jeux, mais de cr\u00e9er le premier parc \u00e0 chiens de la ville. On a peur d\u2019\u00eatre un peu des cobayes \u00bb, a critiqu\u00e9 une citoyenne, lors d\u2019un \u00e9change avec le <em>Journal<\/em>.<\/p>\n<p>Rappelons que gr\u00e2ce \u00e0 un investissement de 150 000 $, la Ville de L\u00e9vis r\u00e9am\u00e9nagera, entre autres, une partie du parc de la Halte afin d\u2019y implanter un parc \u00e0 chiens. Cl\u00f4tures, stationnement et abreuvoirs pour les chiens feront notamment leur apparition. De plus, la municipalit\u00e9 installera des modules de jeux pour permettre aux enfants de s\u2019amuser dans une autre portion du parc.<br \/>\n<!--more--><\/p>\n<p><a name=\"more\"><\/a><\/p>\n<p>Toutefois, puisqu\u2019aucune consultation ou pr\u00e9sentation n\u2019a \u00e9t\u00e9 tenue, certaines inqui\u00e9tudes des voisins du parc de la Halte n\u2019ont pas \u00e9t\u00e9 apais\u00e9es. Les citoyens craignent notamment un fort d\u00e9boisement du site, la pr\u00e9sence tr\u00e8s h\u00e2tive ou tr\u00e8s tardive de chiens jappant dans le parc et une augmentation des va-et-vient dans le secteur. De plus, ils aimeraient s\u2019assurer que les mesures de protection mises en place par la municipalit\u00e9 seront efficaces, notamment parce qu\u2019il y a de nombreux enfants qui vivent dans le quartier.<\/p>\n<p>Si des discussions sont en cours entre les autorit\u00e9s et les citoyens, les r\u00e9sidents du quartier ont lanc\u00e9 une p\u00e9tition pour demander la suspension des travaux, qui ont d\u00e9j\u00e0 d\u00e9but\u00e9, le temps qu\u2019ils obtiennent des r\u00e9ponses \u00e0 leurs questions. Une trentaine de citoyens ont sign\u00e9 le document. Notons toutefois que les r\u00e9sidents du quartier pourront prendre part, demain soir, \u00e0 une s\u00e9ance virtuelle de questions et r\u00e9ponses avec le conseiller municipal de leur district, Michel Turner, et le conseiller en planification, parcs et espaces verts \u00e0 la Ville, Christian Drouin.<\/p>\n<p><strong>\u00c0 la rencontre des citoyens<\/strong><br \/>\nInterrog\u00e9 sur le sujet lundi soir, le maire de L\u00e9vis, Gilles Lehouillier, a d\u2019ailleurs soulign\u00e9 que son administration allait r\u00e9pondre \u00e0 toutes les questions des citoyens.<\/p>\n<p>\u00ab En r\u00e8gle g\u00e9n\u00e9rale, il n\u2019y pas de consultation publique en raison du grand nombre de modifications apport\u00e9es aux parcs chaque ann\u00e9e. On ne reculera pas sur ce projet, il n\u2019y pas de contraintes majeures \u00e0 sa r\u00e9alisation [\u2026] (Toutefois), c\u2019est normal que les citoyens du quartier se sentent interpell\u00e9s par ce projet. Notre intention est de r\u00e9pondre \u00e0 toutes les questions \u00bb, a d\u00e9clar\u00e9 M. Lehouillier.<\/p>\n<p>Du m\u00eame souffle, le premier citoyen a soutenu que la municipalit\u00e9 avait d\u00e9j\u00e0 pr\u00e9vu plusieurs \u00e9l\u00e9ments au projet afin de r\u00e9duire les impacts du parc canin sur les voisins du parc de la Halte.<\/p>\n<p>\u00ab Nous avons r\u00e9duit les impacts au minimum et une r\u00e9glementation s\u00e9v\u00e8re encadrera les activit\u00e9s du parc canin. Par exemple, seuls les propri\u00e9taires d\u2019un chien avec une m\u00e9daille de la Ville auront acc\u00e8s au parc canin. Donc, il n\u2019y aura pas de chiens dangereux, comme ils sont d\u00e9j\u00e0 interdits \u00e0 L\u00e9vis. Nous avons aussi fait des \u00e9tudes sur le bruit et le parc \u00e0 chiens sera am\u00e9nag\u00e9 sur une portion du site d\u00e9centr\u00e9 des r\u00e9sidences \u00bb, a conclu Gilles Lehouillier.<\/p><\/blockquote>\n<p><a href=\"http:\/\/www.journaldelevis.com\/\" target=\"_blank\" rel=\"noopener noreferrer\"><img decoding=\"async\" src=\"http:\/\/www.levisurbain.ca\/wp-content\/uploads\/2017\/04\/jdl_logo2012.png\" alt=\"\" \/><\/a><br \/>\nReproduit avec autorisation.<\/p>\n","protected":false},"excerpt":{"rendered":"<p>Article de\u00a0Le Journal de L\u00e9vis. Si plusieurs propri\u00e9taires de chiens sont heureux de l\u2019implantation d\u2019un parc \u00e0 chiens dans le parc de la Halte (situ\u00e9 sur le chemin de Charny), l\u2019arriv\u00e9e de ce nouvel \u00e9quipement d\u00e8s cet automne irrite les r\u00e9sidents du quartier r\u00e9sidentiel o\u00f9 est situ\u00e9 le parc de la Halte. Certains voisins du\u2026 <span class=\"read-more\"><a href=\"http:\/\/www.levisurbain.ca\/?p=14744\">Lire la suite &raquo;<\/a><\/span><\/p>\n","protected":false},"author":1,"featured_media":0,"comment_status":"open","ping_status":"open","sticky":false,"template":"","format":"standard","meta":{"footnotes":""},"categories":[1],"tags":[],"class_list":["post-14744","post","type-post","status-publish","format-standard","hentry","category-non-classe"],"_links":{"self":[{"href":"http:\/\/www.levisurbain.ca\/index.php?rest_route=\/wp\/v2\/posts\/14744","targetHints":{"allow":["GET"]}}],"collection":[{"href":"http:\/\/www.levisurbain.ca\/index.php?rest_route=\/wp\/v2\/posts"}],"about":[{"href":"http:\/\/www.levisurbain.ca\/index.php?rest_route=\/wp\/v2\/types\/post"}],"author":[{"embeddable":true,"href":"http:\/\/www.levisurbain.ca\/index.php?rest_route=\/wp\/v2\/users\/1"}],"replies":[{"embeddable":true,"href":"http:\/\/www.levisurbain.ca\/index.php?rest_route=%2Fwp%2Fv2%2Fcomments&post=14744"}],"version-history":[{"count":0,"href":"http:\/\/www.levisurbain.ca\/index.php?rest_route=\/wp\/v2\/posts\/14744\/revisions"}],"wp:attachment":[{"href":"http:\/\/www.levisurbain.ca\/index.php?rest_route=%2Fwp%2Fv2%2Fmedia&parent=14744"}],"wp:term":[{"taxonomy":"category","embeddable":true,"href":"http:\/\/www.levisurbain.ca\/index.php?rest_route=%2Fwp%2Fv2%2Fcategories&post=14744"},{"taxonomy":"post_tag","embeddable":true,"href":"http:\/\/www.levisurbain.ca\/index.php?rest_route=%2Fwp%2Fv2%2Ftags&post=14744"}],"curies":[{"name":"wp","href":"https:\/\/api.w.org\/{rel}","templated":true}]}}