{"id":14727,"date":"2020-05-15T08:08:50","date_gmt":"2020-05-15T12:08:50","guid":{"rendered":"http:\/\/www.levisurbain.ca\/?p=14727"},"modified":"2025-05-10T16:45:46","modified_gmt":"2025-05-10T20:45:46","slug":"5-jardins-communautaires-rouverts-3-en-projet-a-levis","status":"publish","type":"post","link":"http:\/\/www.levisurbain.ca\/?p=14727","title":{"rendered":"5 jardins communautaires rouverts, 3 en projet \u00e0 L\u00e9vis"},"content":{"rendered":"<p>Article de Aude Malaret. <a href=\"https:\/\/www.journaldelevis.com\" target=\"_blank\" rel=\"noopener noreferrer\">Le Journal de L\u00e9vis<\/a>.<\/p>\n<div id=\"attachment_14730\" style=\"width: 510px\" class=\"wp-caption aligncenter\"><img loading=\"lazy\" decoding=\"async\" aria-describedby=\"caption-attachment-14730\" class=\"size-full wp-image-14730\" src=\"http:\/\/www.levisurbain.ca\/wp-content\/uploads\/jardins_communautaires_jdlevis_15052020.jpg\" alt=\"Les jardiniers pourront retourner \u00e0 leurs cultures \u00e0 partir du 18 mai. CR\u00c9DIT : \u00c9RICK DESCH\u00caNES - ARCHIVES\" width=\"500\" height=\"336\" srcset=\"http:\/\/www.levisurbain.ca\/wp-content\/uploads\/jardins_communautaires_jdlevis_15052020.jpg 500w, http:\/\/www.levisurbain.ca\/wp-content\/uploads\/jardins_communautaires_jdlevis_15052020-300x202.jpg 300w\" sizes=\"auto, (max-width: 500px) 100vw, 500px\" \/><p id=\"caption-attachment-14730\" class=\"wp-caption-text\">Les jardiniers pourront retourner \u00e0 leurs cultures \u00e0 partir du 18 mai. CR\u00c9DIT : \u00c9RICK DESCH\u00caNES &#8211; ARCHIVES<\/p><\/div>\n<blockquote><p><strong>Cinq jardins communautaires rouvriront progressivement \u00e0 partir du 18 mai sur le territoire l\u00e9visien. Trois nouveaux emplacements cultivables seront accessibles aux L\u00e9visiens d\u00e8s 2021 et 2022.<\/strong><\/p>\n<p>Les jardins de la Sitelle \u00e0 Saint-\u00c9tienne-de-Lauzon, de Lauzon, du parc de l\u2019Anse-Tibbits, du parc des Fleurs \u00e0 Pintendre, les Radicelles \u00e0 Saint-Jean-Chrysostome accueilleront de nouveau les cultivateurs amateurs \u00e0 partir du 18 mai.<\/p>\n<p>L\u2019ouverture de ces jardins communautaires devra se faire de fa\u00e7on s\u00e9curitaire dans le respect des r\u00e8gles de la Direction de la sant\u00e9 publique, a d\u00e9clar\u00e9 le maire de L\u00e9vis, Gilles Lehouillier, lors d\u2019une conf\u00e9rence de presse, ce 14 mai.<\/p>\n<p>Les personnes qui souhaitent conna\u00eetre les modalit\u00e9s des autres jardins communautaires priv\u00e9s se trouvant sur le territoire de la Ville, peuvent contacter le Service 211.<\/p>\n<p><!--more--><\/p>\n<p><strong>De nouveaux sites en 2021 et 2022<\/strong><br \/>\nTrois nouveaux jardins devraient aussi \u00eatre op\u00e9rationnels dans les deux prochaines ann\u00e9es, a annonc\u00e9 la Ville. Le Jardin du parc de la Rivi\u00e8re, \u00e0 Charny, est pr\u00e9vu pour 2021 et les jardins du parc Lavoisier, \u00e0 Saint-Romuald, et du parc Guy-Dionne, \u00e0 L\u00e9vis, pourront \u00eatre cultiv\u00e9s \u00e0 partir de 2022.<\/p>\n<p><strong>Un jardin temporaire ?<\/strong><br \/>\nUne demande a aussi \u00e9t\u00e9 d\u00e9pos\u00e9e par la Ville au gouvernement f\u00e9d\u00e9ral afin d\u2019utiliser le site de la ferme Chapais \u00abpour y d\u00e9velopper de petits lots pour la r\u00e9alisation de jardins communautaires\u00bb, a annonc\u00e9 Gilles Lehouillier, avant de pr\u00e9ciser que cette installation serait \u00abtemporaire\u00bb dans le contexte de la pand\u00e9mie, m\u00eame si la Ville convoite toujours le site et esp\u00e8re en obtenir la gestion afin d&rsquo;y d\u00e9velopper de tels projets \u00e0 l&rsquo;avenir.<\/p>\n<p><strong><em>Les jardiniers devront respecter les mesures suivantes, selon les demandes de la Direction de la sant\u00e9 publique :<\/em><\/strong><\/p>\n<p><em>\u00b7 un surveillant sera pr\u00e9sent en tout temps dans chacun des jardins communautaires afin d\u2019assurer le respect des r\u00e8gles en vigueur;<\/em><br \/>\n<em>\u00b7 un seul jardinier \u00e0 la fois, par lot, est autoris\u00e9 \u00e0 jardiner afin de respecter les normes de distanciation;<\/em><br \/>\n<em>\u00b7 un nombre limit\u00e9 de jardiniers pourront \u00eatre pr\u00e9sents, en m\u00eame temps, dans le jardin;<\/em><br \/>\n<em>\u00b7 le port des gants sera obligatoire;<\/em><br \/>\n<em>\u00b7 les jardiniers devront apporter leurs outils de jardinage personnels;<\/em><br \/>\n<em>\u00b7 la d\u00e9sinfection des mains sera obligatoire \u00e0 chaque entr\u00e9e et \u00e0 chaque sortie<\/em><br \/>\n<em>\u00b7 les installations sanitaires ne seront pas accessibles;<\/em><br \/>\n<em>\u00b7 le jardin sera inaccessible en dehors des heures d\u2019ouverture.<\/em><\/p>\n<p><em>La Ville rappelle aux utilisateurs \u00abqu\u2019elle se r\u00e9serve le droit de fermer l\u2019acc\u00e8s aux jardins \u00e0 tout moment si elle constate que les mesures de pr\u00e9vention ne sont pas respect\u00e9es\u00bb.<\/em><\/p><\/blockquote>\n<p><a href=\"http:\/\/www.journaldelevis.com\/\" target=\"_blank\" rel=\"noopener noreferrer\"><img decoding=\"async\" src=\"http:\/\/www.levisurbain.ca\/wp-content\/uploads\/2017\/04\/jdl_logo2012.png\" alt=\"\" \/><\/a><br \/>\nReproduit avec autorisation.<\/p>\n","protected":false},"excerpt":{"rendered":"<p>Article de Aude Malaret. Le Journal de L\u00e9vis. Cinq jardins communautaires rouvriront progressivement \u00e0 partir du 18 mai sur le territoire l\u00e9visien. Trois nouveaux emplacements cultivables seront accessibles aux L\u00e9visiens d\u00e8s 2021 et 2022. Les jardins de la Sitelle \u00e0 Saint-\u00c9tienne-de-Lauzon, de Lauzon, du parc de l\u2019Anse-Tibbits, du parc des Fleurs \u00e0 Pintendre, les Radicelles\u2026 <span class=\"read-more\"><a href=\"http:\/\/www.levisurbain.ca\/?p=14727\">Lire la suite &raquo;<\/a><\/span><\/p>\n","protected":false},"author":1,"featured_media":0,"comment_status":"open","ping_status":"open","sticky":false,"template":"","format":"standard","meta":{"footnotes":""},"categories":[71,57],"tags":[],"class_list":["post-14727","post","type-post","status-publish","format-standard","hentry","category-environnement","category-sports-arts-loisirs"],"_links":{"self":[{"href":"http:\/\/www.levisurbain.ca\/index.php?rest_route=\/wp\/v2\/posts\/14727","targetHints":{"allow":["GET"]}}],"collection":[{"href":"http:\/\/www.levisurbain.ca\/index.php?rest_route=\/wp\/v2\/posts"}],"about":[{"href":"http:\/\/www.levisurbain.ca\/index.php?rest_route=\/wp\/v2\/types\/post"}],"author":[{"embeddable":true,"href":"http:\/\/www.levisurbain.ca\/index.php?rest_route=\/wp\/v2\/users\/1"}],"replies":[{"embeddable":true,"href":"http:\/\/www.levisurbain.ca\/index.php?rest_route=%2Fwp%2Fv2%2Fcomments&post=14727"}],"version-history":[{"count":1,"href":"http:\/\/www.levisurbain.ca\/index.php?rest_route=\/wp\/v2\/posts\/14727\/revisions"}],"predecessor-version":[{"id":16929,"href":"http:\/\/www.levisurbain.ca\/index.php?rest_route=\/wp\/v2\/posts\/14727\/revisions\/16929"}],"wp:attachment":[{"href":"http:\/\/www.levisurbain.ca\/index.php?rest_route=%2Fwp%2Fv2%2Fmedia&parent=14727"}],"wp:term":[{"taxonomy":"category","embeddable":true,"href":"http:\/\/www.levisurbain.ca\/index.php?rest_route=%2Fwp%2Fv2%2Fcategories&post=14727"},{"taxonomy":"post_tag","embeddable":true,"href":"http:\/\/www.levisurbain.ca\/index.php?rest_route=%2Fwp%2Fv2%2Ftags&post=14727"}],"curies":[{"name":"wp","href":"https:\/\/api.w.org\/{rel}","templated":true}]}}