{"id":14723,"date":"2020-05-15T07:59:32","date_gmt":"2020-05-15T11:59:32","guid":{"rendered":"http:\/\/www.levisurbain.ca\/?p=14723"},"modified":"2020-05-15T07:59:32","modified_gmt":"2020-05-15T11:59:32","slug":"quartier-des-constellations-a-levis-un-reglement-a-approuver-10-ans-plus-tard","status":"publish","type":"post","link":"http:\/\/www.levisurbain.ca\/?p=14723","title":{"rendered":"Quartier des Constellations \u00e0 L\u00e9vis: un r\u00e8glement \u00e0 approuver 10 ans plus tard"},"content":{"rendered":"<p>Article de Jean-Fran\u00e7ois Racine. <a href=\"https:\/\/www.journaldequebec.com\/\" target=\"_blank\" rel=\"noopener noreferrer\">Le Journal de Qu\u00e9bec<\/a>.<\/p>\n<blockquote><p><strong>Apr\u00e8s 10 ans de d\u00e9marches, une entente de r\u00e8glement de 4,1 millions de dollars sera soumise \u00e0 l\u2019approbation du tribunal, le mois prochain, concernant les mouvements de sol qui touchaient les propri\u00e9t\u00e9s du quartier des Constellations, \u00e0 L\u00e9vis.<\/strong><\/p>\n<p>Le 30 mars 2011, une action collective contre la Ville de L\u00e9vis avait \u00e9t\u00e9 autoris\u00e9e au nom d\u2019un groupe de r\u00e9sidents du quartier des Constellations, dans le secteur de Saint-Jean-Chrysostome.<\/p>\n<p>Les propri\u00e9taires, au 30 juin 2010, des maisons des rues D\u2019Orion, de C\u00e9ph\u00e9e, de Ph\u00e9nix, d\u2019Androm\u00e8de, de Cassiop\u00e9e, de la Licorne et du Centaure sont membres de l\u2019action collective qui pourrait enfin se terminer le 11 juin 2020.<\/p><\/blockquote>\n<p>=&gt; La suite sur <a href=\"https:\/\/www.journaldequebec.com\/2020\/05\/14\/quartier-des-constellations-a-levis-un-reglement-a-approuver-10-ans-plus-tard\" target=\"_blank\" rel=\"noopener noreferrer\">journaldequebec.com<\/a>.<\/p>\n","protected":false},"excerpt":{"rendered":"<p>Article de Jean-Fran\u00e7ois Racine. Le Journal de Qu\u00e9bec. Apr\u00e8s 10 ans de d\u00e9marches, une entente de r\u00e8glement de 4,1 millions de dollars sera soumise \u00e0 l\u2019approbation du tribunal, le mois prochain, concernant les mouvements de sol qui touchaient les propri\u00e9t\u00e9s du quartier des Constellations, \u00e0 L\u00e9vis. Le 30 mars 2011, une action collective contre la\u2026 <span class=\"read-more\"><a href=\"http:\/\/www.levisurbain.ca\/?p=14723\">Lire la suite &raquo;<\/a><\/span><\/p>\n","protected":false},"author":1,"featured_media":0,"comment_status":"open","ping_status":"open","sticky":false,"template":"","format":"standard","meta":{"footnotes":""},"categories":[71,65,55],"tags":[76],"class_list":["post-14723","post","type-post","status-publish","format-standard","hentry","category-environnement","category-gouvernement","category-habitation","tag-quartier-des-constellations"],"_links":{"self":[{"href":"http:\/\/www.levisurbain.ca\/index.php?rest_route=\/wp\/v2\/posts\/14723","targetHints":{"allow":["GET"]}}],"collection":[{"href":"http:\/\/www.levisurbain.ca\/index.php?rest_route=\/wp\/v2\/posts"}],"about":[{"href":"http:\/\/www.levisurbain.ca\/index.php?rest_route=\/wp\/v2\/types\/post"}],"author":[{"embeddable":true,"href":"http:\/\/www.levisurbain.ca\/index.php?rest_route=\/wp\/v2\/users\/1"}],"replies":[{"embeddable":true,"href":"http:\/\/www.levisurbain.ca\/index.php?rest_route=%2Fwp%2Fv2%2Fcomments&post=14723"}],"version-history":[{"count":0,"href":"http:\/\/www.levisurbain.ca\/index.php?rest_route=\/wp\/v2\/posts\/14723\/revisions"}],"wp:attachment":[{"href":"http:\/\/www.levisurbain.ca\/index.php?rest_route=%2Fwp%2Fv2%2Fmedia&parent=14723"}],"wp:term":[{"taxonomy":"category","embeddable":true,"href":"http:\/\/www.levisurbain.ca\/index.php?rest_route=%2Fwp%2Fv2%2Fcategories&post=14723"},{"taxonomy":"post_tag","embeddable":true,"href":"http:\/\/www.levisurbain.ca\/index.php?rest_route=%2Fwp%2Fv2%2Ftags&post=14723"}],"curies":[{"name":"wp","href":"https:\/\/api.w.org\/{rel}","templated":true}]}}