{"id":14707,"date":"2020-05-08T07:36:54","date_gmt":"2020-05-08T11:36:54","guid":{"rendered":"http:\/\/www.levisurbain.ca\/?p=14707"},"modified":"2020-05-10T16:04:38","modified_gmt":"2020-05-10T20:04:38","slug":"la-ville-met-en-place-un-plan-pour-soutenir-les-organismes-reconnus","status":"publish","type":"post","link":"http:\/\/www.levisurbain.ca\/?p=14707","title":{"rendered":"La Ville met en place un plan pour soutenir les organismes reconnus"},"content":{"rendered":"<p>Article de \u00c9rick Desch\u00eanes. <a href=\"https:\/\/www.journaldelevis.com\" target=\"_blank\" rel=\"noopener noreferrer\">Le Journal de L\u00e9vis<\/a>.<\/p>\n<blockquote><p><strong>Lors de la conf\u00e9rence hebdomadaire de la Ville de L\u00e9vis portant sur la crise de la COVID-19, le maire de L\u00e9vis, Gilles Lehouillier, a d\u00e9voil\u00e9 le plan \u00e9tabli par la municipalit\u00e9 afin de soutenir les organismes reconnus l\u00e9visiens.<\/strong><\/p>\n<p>\u00ab Avec ces aides financi\u00e8res, nous nous assurons que tous nos organismes sont dans de bonnes conditions pour la reprise des activit\u00e9s. Le milieu communautaire est la force vive de notre milieu et la contribution des organismes est tr\u00e8s pr\u00e9cieuse pour soutenir l&rsquo;\u00e9lan de solidarit\u00e9 de notre communaut\u00e9 \u00bb, a d&#8217;embl\u00e9e soulign\u00e9 le maire de L\u00e9vis.<\/p>\n<p>Le plan comporte deux volets. D&rsquo;abord, Gilles Lehouillier a confirm\u00e9 que tous les organismes reconnus recevront le plein montant de l&rsquo;aide financi\u00e8re annuelle pour le soutien \u00e0 la mission. Dans le budget 2020, la Ville de L\u00e9vis avait r\u00e9serv\u00e9 2,8 M$ pour ce programme. En confirmant le versement de l&rsquo;aide financi\u00e8re, la municipalit\u00e9 \u00abveut s\u00e9curiser et consolider le budget de fonctionnement\u00bb des organismes reconnus pour l&rsquo;ann\u00e9e en cours.<\/p>\n<p>\u00c9galement, le maire a annonc\u00e9 la cr\u00e9ation de Solidarit\u00e9 communautaire L\u00e9vis. Ce nouveau programme accordera des aides financi\u00e8res suppl\u00e9mentaires aux organismes reconnus dont les activit\u00e9s de r\u00e9tablissement sont menac\u00e9es en raison des effets de la pand\u00e9mie. Ce support sera compl\u00e9mentaire aux mesures gouvernementales.<!--more--><\/p>\n<p><a name=\"more\"><\/a><\/p>\n<p>Dans les prochaines semaines, la municipalit\u00e9 effectuera un diagnostic financier et organisationnel de chacun des organismes. \u00c0 la suite de cette proc\u00e9dure, des fonctionnaires d\u00e9poseront des recommandations au conseil municipal. Les \u00e9lus d\u00e9termineront ensuite les aides financi\u00e8res de Solidarit\u00e9 communautaire L\u00e9vis qui seront accord\u00e9es aux organismes. Ces derni\u00e8res seront r\u00e9parties \u00e9quitablement envers les organismes communautaires, sportifs et culturels ainsi qu&rsquo;entre les quartiers.<\/p>\n<p>Pour le moment, comme la municipalit\u00e9 ne sait pas qu&rsquo;elle est l&rsquo;ampleur des besoins, la Ville ne peut indiquer combien de dollars seront inject\u00e9s dans Solidarit\u00e9 communautaire L\u00e9vis. Cependant, les exc\u00e9dents du fonds de pr\u00e9voyance de 500 000 $ mis en place au d\u00e9but de la crise pour soutenir les organismes l\u00e9visiens \u00abviendront bonifier\u00bb l&rsquo;enveloppe budg\u00e9taire r\u00e9serv\u00e9e au nouveau programme.<\/p>\n<p><strong>Le r\u00e9tablissement continue d&rsquo;\u00eatre planifi\u00e9<\/strong><br \/>\nDans un autre ordre d&rsquo;id\u00e9es, le premier citoyen de L\u00e9vis a \u00e9galement indiqu\u00e9 que la municipalit\u00e9 travaille \u00e0 la planification de la r\u00e9ouverture de certains \u00e9quipements municipaux, comme les piscines ou les biblioth\u00e8ques. Par cette d\u00e9marche, la Ville veut \u00eatre pr\u00eate \u00e0 offrir de nouveau ses services lorsqu&rsquo;elle recevra le feu vert du gouvernement provincial, \u00e9videmment en respectant les consignes de la Sant\u00e9 publique.<\/p>\n<p>Rappelons que les L\u00e9visiens peuvent consulter en tout temps l&rsquo;\u00e9tat d&rsquo;ouverture des infrastructures municipales dans la section sp\u00e9ciale COVID-19 du ville.levis.qc.ca. Plus particuli\u00e8rement en ce qui a trait aux biblioth\u00e8ques, la Ville invite les citoyens \u00e0 \u00e9crire \u00e0 <a href=\"mailto:bibliolevis@ville.levis.qc.ca\">bibliolevis@ville.levis.qc.ca<\/a> pour toute question en lien avec ce service.<\/p>\n<p><strong>Rappel \u00e0 l&rsquo;ordre et d\u00e9ficit en vue<\/strong><br \/>\nEn plus de ces mises \u00e0 jour, le maire et le coordonnateur municipal de la s\u00e9curit\u00e9 civile, Ga\u00e9tan Drouin, ont demand\u00e9 une nouvelle fois aux L\u00e9visiens de respecter les consignes de la Sant\u00e9 publique.<\/p>\n<p>\u00ab Nous demandons la collaboration des citoyens. Nous nous apercevons que les r\u00e8gles de distanciation sociale et celles interdisant les rassemblements ne sont pas respect\u00e9es par plusieurs citoyens, particuli\u00e8rement dans les parcs de la Ville. Nous avons demand\u00e9 \u00e0 notre corps policier de faire respecter ces directives. Sans quoi, nous devrons fermer les parcs et les parcs de planche \u00e0 roulettes \u00bb, a d\u00e9clar\u00e9 M. Drouin.<\/p>\n<p>Misant encore une fois sur la responsabilisation des citoyens, la Ville accentuera sa campagne de signalisation ext\u00e9rieure afin de rappeler les consignes.<\/p>\n<p>De plus, alors que plusieurs cas de non-respect des consignes sont survenus sur le Parcours des Anses, Gilles Lehouillier demande aux cyclistes de rouler moins vite pour qu&rsquo;ils puissent respecter en tout temps l&rsquo;\u00e9cart de deux m\u00e8tres exig\u00e9 entre eux et les pi\u00e9tons. Aussi, la municipalit\u00e9 envisage d&rsquo;utiliser la rue Saint-Laurent \u00e0 d&rsquo;autres fins que la circulation automobile afin de permettre d&rsquo;accentuer la distanciation sociale entre les pi\u00e9tons et les cyclistes.<\/p><\/blockquote>\n<p>Enfin, le maire de L\u00e9vis a effectu\u00e9 une mise \u00e0 jour sur la situation financi\u00e8re de la Ville de L\u00e9vis. Pour le moment, la municipalit\u00e9 aurait un manque \u00e0 gagner d&rsquo;un peu plus de 1,6 M$ pour l&rsquo;ann\u00e9e financi\u00e8re en cours. Le d\u00e9ficit est provoqu\u00e9 en grande partie par la situation \u00e0 la Soci\u00e9t\u00e9 de transport de L\u00e9vis, qui aurait un manque \u00e0 gagner de 1,3 M$.<br \/>\n<a href=\"http:\/\/www.journaldelevis.com\/\" target=\"_blank\" rel=\"noopener noreferrer\"><img decoding=\"async\" src=\"http:\/\/www.levisurbain.ca\/wp-content\/uploads\/2017\/04\/jdl_logo2012.png\" alt=\"\" \/><\/a><br \/>\nReproduit avec autorisation.<\/p>\n","protected":false},"excerpt":{"rendered":"<p>Article de \u00c9rick Desch\u00eanes. Le Journal de L\u00e9vis. Lors de la conf\u00e9rence hebdomadaire de la Ville de L\u00e9vis portant sur la crise de la COVID-19, le maire de L\u00e9vis, Gilles Lehouillier, a d\u00e9voil\u00e9 le plan \u00e9tabli par la municipalit\u00e9 afin de soutenir les organismes reconnus l\u00e9visiens. \u00ab Avec ces aides financi\u00e8res, nous nous assurons que\u2026 <span class=\"read-more\"><a href=\"http:\/\/www.levisurbain.ca\/?p=14707\">Lire la suite &raquo;<\/a><\/span><\/p>\n","protected":false},"author":1,"featured_media":0,"comment_status":"open","ping_status":"open","sticky":false,"template":"","format":"standard","meta":{"footnotes":""},"categories":[65],"tags":[],"class_list":["post-14707","post","type-post","status-publish","format-standard","hentry","category-gouvernement"],"_links":{"self":[{"href":"http:\/\/www.levisurbain.ca\/index.php?rest_route=\/wp\/v2\/posts\/14707","targetHints":{"allow":["GET"]}}],"collection":[{"href":"http:\/\/www.levisurbain.ca\/index.php?rest_route=\/wp\/v2\/posts"}],"about":[{"href":"http:\/\/www.levisurbain.ca\/index.php?rest_route=\/wp\/v2\/types\/post"}],"author":[{"embeddable":true,"href":"http:\/\/www.levisurbain.ca\/index.php?rest_route=\/wp\/v2\/users\/1"}],"replies":[{"embeddable":true,"href":"http:\/\/www.levisurbain.ca\/index.php?rest_route=%2Fwp%2Fv2%2Fcomments&post=14707"}],"version-history":[{"count":0,"href":"http:\/\/www.levisurbain.ca\/index.php?rest_route=\/wp\/v2\/posts\/14707\/revisions"}],"wp:attachment":[{"href":"http:\/\/www.levisurbain.ca\/index.php?rest_route=%2Fwp%2Fv2%2Fmedia&parent=14707"}],"wp:term":[{"taxonomy":"category","embeddable":true,"href":"http:\/\/www.levisurbain.ca\/index.php?rest_route=%2Fwp%2Fv2%2Fcategories&post=14707"},{"taxonomy":"post_tag","embeddable":true,"href":"http:\/\/www.levisurbain.ca\/index.php?rest_route=%2Fwp%2Fv2%2Ftags&post=14707"}],"curies":[{"name":"wp","href":"https:\/\/api.w.org\/{rel}","templated":true}]}}