{"id":14704,"date":"2020-04-28T23:43:22","date_gmt":"2020-04-29T03:43:22","guid":{"rendered":"http:\/\/www.levisurbain.ca\/?p=14704"},"modified":"2020-04-28T23:43:22","modified_gmt":"2020-04-29T03:43:22","slug":"levis-exproprie-cominar-pour-construire-sa-future-centrale-de-police","status":"publish","type":"post","link":"http:\/\/www.levisurbain.ca\/?p=14704","title":{"rendered":"L\u00e9vis exproprie Cominar pour construire sa future centrale de police"},"content":{"rendered":"<p>Article de Ta\u00efeb Moalla. <a href=\"https:\/\/www.journaldequebec.com\" rel=\"noopener noreferrer\" target=\"_blank\">Le Journal de Qu\u00e9bec<\/a>.<\/p>\n<blockquote><p><strong>La Ville de L\u00e9vis a choisi d&rsquo;utiliser l&rsquo;arme de l&rsquo;expropriation pour acqu\u00e9rir des lots de terrains appartenant \u00e0 Cominar \u2013 \u00e0 l&rsquo;intersection du chemin du Sault et du boulevard Guillaume-Couture \u2013 en vue d&rsquo;y construire sa future centrale de police. Le co\u00fbt d&rsquo;acquisition devrait tourner autour de 2,2 M$.<\/strong> <\/p>\n<p>C&rsquo;est ce que le maire Gilles Lehouillier a fait savoir, lundi soir, quelques minutes avant le d\u00e9but du conseil municipal. Le nouvel \u00e9difice, qui regroupera la future centrale et la cour municipale, sera situ\u00e9 juste \u00e0 c\u00f4t\u00e9 de l&rsquo;actuelle centrale, jug\u00e9e d\u00e9su\u00e8te, dans le secteur de Saint-Romuald.<\/p><\/blockquote>\n<p>=> La suite sur <a href=\"https:\/\/www.journaldequebec.com\/2020\/04\/27\/levis-exproprie-cominar-pour-construire-sa-future-centrale-de-police\" rel=\"noopener noreferrer\" target=\"_blank\">journaldequebec.com<\/a>.<\/p>\n","protected":false},"excerpt":{"rendered":"<p>Article de Ta\u00efeb Moalla. Le Journal de Qu\u00e9bec. La Ville de L\u00e9vis a choisi d&rsquo;utiliser l&rsquo;arme de l&rsquo;expropriation pour acqu\u00e9rir des lots de terrains appartenant \u00e0 Cominar \u2013 \u00e0 l&rsquo;intersection du chemin du Sault et du boulevard Guillaume-Couture \u2013 en vue d&rsquo;y construire sa future centrale de police. Le co\u00fbt d&rsquo;acquisition devrait tourner autour de\u2026 <span class=\"read-more\"><a href=\"http:\/\/www.levisurbain.ca\/?p=14704\">Lire la suite &raquo;<\/a><\/span><\/p>\n","protected":false},"author":5,"featured_media":0,"comment_status":"open","ping_status":"open","sticky":false,"template":"","format":"standard","meta":{"footnotes":""},"categories":[65],"tags":[],"class_list":["post-14704","post","type-post","status-publish","format-standard","hentry","category-gouvernement"],"_links":{"self":[{"href":"http:\/\/www.levisurbain.ca\/index.php?rest_route=\/wp\/v2\/posts\/14704","targetHints":{"allow":["GET"]}}],"collection":[{"href":"http:\/\/www.levisurbain.ca\/index.php?rest_route=\/wp\/v2\/posts"}],"about":[{"href":"http:\/\/www.levisurbain.ca\/index.php?rest_route=\/wp\/v2\/types\/post"}],"author":[{"embeddable":true,"href":"http:\/\/www.levisurbain.ca\/index.php?rest_route=\/wp\/v2\/users\/5"}],"replies":[{"embeddable":true,"href":"http:\/\/www.levisurbain.ca\/index.php?rest_route=%2Fwp%2Fv2%2Fcomments&post=14704"}],"version-history":[{"count":0,"href":"http:\/\/www.levisurbain.ca\/index.php?rest_route=\/wp\/v2\/posts\/14704\/revisions"}],"wp:attachment":[{"href":"http:\/\/www.levisurbain.ca\/index.php?rest_route=%2Fwp%2Fv2%2Fmedia&parent=14704"}],"wp:term":[{"taxonomy":"category","embeddable":true,"href":"http:\/\/www.levisurbain.ca\/index.php?rest_route=%2Fwp%2Fv2%2Fcategories&post=14704"},{"taxonomy":"post_tag","embeddable":true,"href":"http:\/\/www.levisurbain.ca\/index.php?rest_route=%2Fwp%2Fv2%2Ftags&post=14704"}],"curies":[{"name":"wp","href":"https:\/\/api.w.org\/{rel}","templated":true}]}}