{"id":14538,"date":"2020-02-11T18:32:04","date_gmt":"2020-02-11T23:32:04","guid":{"rendered":"http:\/\/www.levisurbain.ca\/?p=14538"},"modified":"2020-02-20T12:30:23","modified_gmt":"2020-02-20T17:30:23","slug":"un-3e-lien-pour-inciter-les-gens-a-prendre-le-bus-croit-lehouillier","status":"publish","type":"post","link":"http:\/\/www.levisurbain.ca\/?p=14538","title":{"rendered":"Un 3e lien pour inciter les gens \u00e0 prendre le bus, croit Lehouillier"},"content":{"rendered":"<p>Article de Marc-Antoine Lavoie. <a href=\"https:\/\/ici.radio-canada.ca\/quebec\" target=\"_blank\" rel=\"noopener noreferrer\">ICI Radio-Canada.ca &#8211; Qu\u00e9bec<\/a>.<\/p>\n<blockquote><p><strong>Le nouveau trac\u00e9 du troisi\u00e8me lien offrira \u00ab\u00a0un avantage extraordinaire\u00a0\u00bb pour le transport en commun et pourrait m\u00eame faire en sorte que certains automobilistes d\u00e9laissent leur v\u00e9hicule, croit le maire de L\u00e9vis.<\/strong><\/p>\n<p>Gilles Lehouillier a de nouveau louang\u00e9 le trac\u00e9 entre les centres-ville de Qu\u00e9bec et de L\u00e9vis lundi soir lors d\u2019un point de presse.<\/p>\n<p>\u00ab\u00a0C\u2019est unanime au conseil municipal.\u00a0Il y a deux voies automobiles. Il y a le transport en commun\u00a0\u00bb, s\u2019est r\u00e9joui le maire.<br \/>\nGilles Lehouillier est d\u2019avis que le gouvernement trouvera une solution pour s\u2019assurer que le tunnel n\u2019apporte pas un flot important de v\u00e9hicules dans le quartier Saint-Roch.<\/p><\/blockquote>\n<p>=&gt; La suite sur: \u00a0<a href=\"https:\/\/ici.radio-canada.ca\/nouvelle\/1516038\/nouveau-trace-3e-lien-quebec-levis-transport-commun-lehouillier\" target=\"_blank\" rel=\"noopener noreferrer\">ici.radio-canada.ca<\/a>.<\/p>\n","protected":false},"excerpt":{"rendered":"<p>Article de Marc-Antoine Lavoie. ICI Radio-Canada.ca &#8211; Qu\u00e9bec. Le nouveau trac\u00e9 du troisi\u00e8me lien offrira \u00ab\u00a0un avantage extraordinaire\u00a0\u00bb pour le transport en commun et pourrait m\u00eame faire en sorte que certains automobilistes d\u00e9laissent leur v\u00e9hicule, croit le maire de L\u00e9vis. Gilles Lehouillier a de nouveau louang\u00e9 le trac\u00e9 entre les centres-ville de Qu\u00e9bec et de\u2026 <span class=\"read-more\"><a href=\"http:\/\/www.levisurbain.ca\/?p=14538\">Lire la suite &raquo;<\/a><\/span><\/p>\n","protected":false},"author":1,"featured_media":0,"comment_status":"open","ping_status":"open","sticky":false,"template":"","format":"standard","meta":{"footnotes":""},"categories":[92,71,65,60],"tags":[63],"class_list":["post-14538","post","type-post","status-publish","format-standard","hentry","category-developpement-du-territoire","category-environnement","category-gouvernement","category-transports","tag-3e-lien"],"_links":{"self":[{"href":"http:\/\/www.levisurbain.ca\/index.php?rest_route=\/wp\/v2\/posts\/14538","targetHints":{"allow":["GET"]}}],"collection":[{"href":"http:\/\/www.levisurbain.ca\/index.php?rest_route=\/wp\/v2\/posts"}],"about":[{"href":"http:\/\/www.levisurbain.ca\/index.php?rest_route=\/wp\/v2\/types\/post"}],"author":[{"embeddable":true,"href":"http:\/\/www.levisurbain.ca\/index.php?rest_route=\/wp\/v2\/users\/1"}],"replies":[{"embeddable":true,"href":"http:\/\/www.levisurbain.ca\/index.php?rest_route=%2Fwp%2Fv2%2Fcomments&post=14538"}],"version-history":[{"count":0,"href":"http:\/\/www.levisurbain.ca\/index.php?rest_route=\/wp\/v2\/posts\/14538\/revisions"}],"wp:attachment":[{"href":"http:\/\/www.levisurbain.ca\/index.php?rest_route=%2Fwp%2Fv2%2Fmedia&parent=14538"}],"wp:term":[{"taxonomy":"category","embeddable":true,"href":"http:\/\/www.levisurbain.ca\/index.php?rest_route=%2Fwp%2Fv2%2Fcategories&post=14538"},{"taxonomy":"post_tag","embeddable":true,"href":"http:\/\/www.levisurbain.ca\/index.php?rest_route=%2Fwp%2Fv2%2Ftags&post=14538"}],"curies":[{"name":"wp","href":"https:\/\/api.w.org\/{rel}","templated":true}]}}