{"id":14480,"date":"2020-01-28T10:30:03","date_gmt":"2020-01-28T15:30:03","guid":{"rendered":"http:\/\/www.levisurbain.ca\/?p=14480"},"modified":"2020-01-29T12:35:16","modified_gmt":"2020-01-29T17:35:16","slug":"linnoparc-accueillera-un-campus-de-lecole-des-entrepreneurs-du-quebec","status":"publish","type":"post","link":"http:\/\/www.levisurbain.ca\/?p=14480","title":{"rendered":"L\u2019Innoparc accueillera un campus de l\u2019\u00c9cole des entrepreneurs du Qu\u00e9bec"},"content":{"rendered":"<p>Source: Ville de L\u00e9vis.<\/p>\n<blockquote><p><strong>Tel qu\u2019il a \u00e9t\u00e9 annonc\u00e9 le 24 janvier dernier par la ministre d\u00e9l\u00e9gu\u00e9e au D\u00e9veloppement \u00e9conomique r\u00e9gional, madame Marie-\u00c8ve Proulx, un nouveau campus de l\u2019\u00c9cole des entrepreneurs du Qu\u00e9bec (EEQ) s\u2019installera \u00e0 l\u2019Innoparc L\u00e9vis. Proposant des activit\u00e9s de formation et de sensibilisation d\u00e9di\u00e9es au d\u00e9veloppement des comp\u00e9tences en mati\u00e8re de cr\u00e9ation, de croissance et d\u2019acquisition d\u2019entreprises, l\u2019EEQ viendra rassembler et enrichir l\u2019expertise r\u00e9gionale en entrepreneuriat, notamment en canalisant l\u2019offre de formation des \u00e9tablissements d\u2019enseignement professionnel, coll\u00e9gial et universitaire de la r\u00e9gion.<\/strong><\/p>\n<p>\u00ab\u2009Cette annonce tombe \u00e0 point nomm\u00e9 alors que la Ville est \u00e0 pied d\u2019\u0153uvre pour mettre en place le Carrefour d\u2019innovation et d\u2019entrepreneuriat de L\u00e9vis (CIEL), a soulign\u00e9 le maire de L\u00e9vis, monsieur Gilles Lehouillier. En plus des services offerts par le CIEL, en accompagnement et en soutien afin de propulser les promoteurs et les entreprises de la r\u00e9gion, l\u2019\u00c9cole des entrepreneurs du Qu\u00e9bec compl\u00e9tera l\u2019offre de formation centr\u00e9e sur les comp\u00e9tences en entrepreneuriat d\u00e9j\u00e0 propos\u00e9e par les \u00e9tablissements d\u2019enseignement du territoire, qui seront d\u2019ailleurs parties prenantes de l\u2019EEQ \u00e0 L\u00e9vis.\u00a0 C\u2019est ce qui nous permet de croire que L\u00e9vis renforcera, au cours des prochaines ann\u00e9es, sa position enviable et son attrait aupr\u00e8s de jeunes entreprises innovantes, cr\u00e9atrices de richesse aujourd\u2019hui et demain.\u2009\u00bb<!--more--><\/p>\n<p><a name=\"more\"><\/a><\/p>\n<p>Rappelons que l\u2019ouverture de quatre nouveaux campus de l\u2019\u00c9cole des entrepreneurs du Qu\u00e9bec fait suite \u00e0 l\u2019octroi d\u2019une enveloppe de 7\u00a0M$ dans le cadre du budget provincial d\u00e9voil\u00e9 en mars. Dans la foul\u00e9e de ce financement, un appel de propositions a \u00e9t\u00e9 lanc\u00e9 conjointement \u00e0 l\u2019automne dernier par le minist\u00e8re de l\u2019\u00c9conomie et de l\u2019Innovation et par l\u2019EEQ. La candidature de Chaudi\u00e8re-Appalaches a finalement \u00e9t\u00e9 retenue, ainsi que celles des r\u00e9gions de la Mont\u00e9r\u00e9gie, des Laurentides, et du Saguenay-Lac-Saint-Jean. La Ville de L\u00e9vis s\u2019est engag\u00e9e \u00e0 contribuer pour une somme de 40\u00a0000\u00a0$ annuellement aux op\u00e9rations du campus r\u00e9gional. L\u2019objectif de cette nouvelle \u00e9cole est de faciliter l\u2019acc\u00e8s \u00e0 des formations sur mesure pour bonifier les comp\u00e9tences des entrepreneurs en r\u00e9gion.<\/p>\n<p><b>Le CIEL\u00a0: catalyseur de succ\u00e8s pour les entrepreneurs d\u2019ici<\/b><br \/>\nL\u2019implantation de ce campus constitue le premier jalon d\u2019un vaste chantier amorc\u00e9 au cours des derni\u00e8res ann\u00e9es par la Ville de L\u00e9vis\u00a0: le Carrefour d\u2019innovation et d\u2019entrepreneuriat de L\u00e9vis (CIEL). Concr\u00e8tement, le CIEL regroupera sous un m\u00eame toit des acteurs locaux et r\u00e9gionaux visant \u00e0 soutenir les entrepreneurs du territoire. Il sera un important centre vou\u00e9 au perfectionnement des comp\u00e9tences entrepreneuriales ainsi qu\u2019\u00e0 l\u2019incubation et \u00e0 l\u2019acc\u00e9l\u00e9ration des jeunes entreprises innovantes. Ce projet permettra d\u2019offrir aux entreprises\u00a0: des locaux \u00e0 prix abordable, des espaces de coworking, des services d\u2019incubation, des laboratoires d\u2019exp\u00e9rimentation (fablabs) ainsi que des services de validation technologique et d\u2019acc\u00e9l\u00e9ration d\u2019affaires. La nouvelle \u00e9cole, temporairement localis\u00e9 au campus de L\u00e9vis de l\u2019UQAR, sera implant\u00e9 au CIEL d\u00e8s sa mise en op\u00e9ration.<\/p>\n<p>Septi\u00e8me plus grande ville du Qu\u00e9bec, L\u00e9vis figure en t\u00eate des classements en mati\u00e8re de dynamisme \u00e9conomique et de qualit\u00e9 de vie. Sa situation g\u00e9ographique strat\u00e9gique au croisement de la r\u00e9gion m\u00e9tropolitaine de Qu\u00e9bec et de la grande r\u00e9gion de Chaudi\u00e8re-Appalaches en fait un lieu privil\u00e9gi\u00e9 pour l\u2019implantation d\u2019entreprises. Malgr\u00e9 cette conjoncture des plus favorables, L\u00e9vis est confront\u00e9e, comme beaucoup d\u2019autres r\u00e9gions au Qu\u00e9bec, \u00e0 des enjeux importants en ce qui a trait \u00e0 la rel\u00e8ve entrepreneuriale et au d\u00e9marrage d\u2019entreprises. L\u2019implantation de l\u2019EEQ \u00e0 L\u00e9vis viendra stimuler le d\u00e9veloppement d\u2019une culture entrepreneuriale encore plus forte et contribuer directement au succ\u00e8s des entreprises.<\/p>\n<p>Par ailleurs, soulignons que dans son budget provincial, rendu public le 21\u00a0mars\u00a02019, le gouvernement du Qu\u00e9bec annon\u00e7ait son intention d\u2019accorder une enveloppe de 10\u00a0M$ \u00e0 L\u00e9vis pour sa zone d\u2019innovation, dont l\u2019Innoparc constitue l\u2019un des maillons forts. \u00ab\u00a0La d\u00e9cision de Qu\u00e9bec d\u2019allouer ces sommes \u00e0 L\u00e9vis t\u00e9moigne de fa\u00e7on \u00e9loquente de la pertinence du projet de Carrefour en d\u2019innovation et d\u2019entrepreneuriat, non pas seulement pour la r\u00e9gion de Chaudi\u00e8re-Appalaches et l\u2019Est du Qu\u00e9bec, mais aussi pour la prosp\u00e9rit\u00e9 de l\u2019ensemble de la Province\u00a0\u00bb, a soulign\u00e9 le maire.<\/p><\/blockquote>\n","protected":false},"excerpt":{"rendered":"<p>Source: Ville de L\u00e9vis. Tel qu\u2019il a \u00e9t\u00e9 annonc\u00e9 le 24 janvier dernier par la ministre d\u00e9l\u00e9gu\u00e9e au D\u00e9veloppement \u00e9conomique r\u00e9gional, madame Marie-\u00c8ve Proulx, un nouveau campus de l\u2019\u00c9cole des entrepreneurs du Qu\u00e9bec (EEQ) s\u2019installera \u00e0 l\u2019Innoparc L\u00e9vis. Proposant des activit\u00e9s de formation et de sensibilisation d\u00e9di\u00e9es au d\u00e9veloppement des comp\u00e9tences en mati\u00e8re de cr\u00e9ation,\u2026 <span class=\"read-more\"><a href=\"http:\/\/www.levisurbain.ca\/?p=14480\">Lire la suite &raquo;<\/a><\/span><\/p>\n","protected":false},"author":1,"featured_media":0,"comment_status":"open","ping_status":"open","sticky":false,"template":"","format":"standard","meta":{"footnotes":""},"categories":[58,92],"tags":[83],"class_list":["post-14480","post","type-post","status-publish","format-standard","hentry","category-commerce-economie","category-developpement-du-territoire","tag-innoparc"],"_links":{"self":[{"href":"http:\/\/www.levisurbain.ca\/index.php?rest_route=\/wp\/v2\/posts\/14480","targetHints":{"allow":["GET"]}}],"collection":[{"href":"http:\/\/www.levisurbain.ca\/index.php?rest_route=\/wp\/v2\/posts"}],"about":[{"href":"http:\/\/www.levisurbain.ca\/index.php?rest_route=\/wp\/v2\/types\/post"}],"author":[{"embeddable":true,"href":"http:\/\/www.levisurbain.ca\/index.php?rest_route=\/wp\/v2\/users\/1"}],"replies":[{"embeddable":true,"href":"http:\/\/www.levisurbain.ca\/index.php?rest_route=%2Fwp%2Fv2%2Fcomments&post=14480"}],"version-history":[{"count":0,"href":"http:\/\/www.levisurbain.ca\/index.php?rest_route=\/wp\/v2\/posts\/14480\/revisions"}],"wp:attachment":[{"href":"http:\/\/www.levisurbain.ca\/index.php?rest_route=%2Fwp%2Fv2%2Fmedia&parent=14480"}],"wp:term":[{"taxonomy":"category","embeddable":true,"href":"http:\/\/www.levisurbain.ca\/index.php?rest_route=%2Fwp%2Fv2%2Fcategories&post=14480"},{"taxonomy":"post_tag","embeddable":true,"href":"http:\/\/www.levisurbain.ca\/index.php?rest_route=%2Fwp%2Fv2%2Ftags&post=14480"}],"curies":[{"name":"wp","href":"https:\/\/api.w.org\/{rel}","templated":true}]}}