{"id":14467,"date":"2020-01-23T12:46:43","date_gmt":"2020-01-23T17:46:43","guid":{"rendered":"http:\/\/www.levisurbain.ca\/?p=14467"},"modified":"2020-01-23T12:49:13","modified_gmt":"2020-01-23T17:49:13","slug":"un-levis-attache-ta-tuque-2-0-en-fevrier","status":"publish","type":"post","link":"http:\/\/www.levisurbain.ca\/?p=14467","title":{"rendered":"Un L\u00e9vis, attache ta tuque 2.0 en f\u00e9vrier"},"content":{"rendered":"<p>Article de \u00c9rick Desch\u00eanes. <a href=\"https:\/\/www.journaldelevis.com\" target=\"_blank\" rel=\"noopener noreferrer\">Le Journal de L\u00e9vis<\/a>.<\/p>\n<blockquote><p><strong>C&rsquo;est en pr\u00e9sence de nombreux commer\u00e7ants du Vieux-L\u00e9vis et de partenaires de l&rsquo;\u00e9v\u00e9nement que le maire de L\u00e9vis, Gilles Lehouillier, le conseiller municipal du district Notre-Dame, Steve Dorval, et le pr\u00e9sident du Centre de plein air de L\u00e9vis (CPAL), Michel Gagn\u00e9, ont pr\u00e9sent\u00e9, le 22 janvier, la programmation de la nouvelle mouture de L\u00e9vis, attache ta tuque.<\/strong><\/p>\n<p>Rappelons d&#8217;embl\u00e9e que cette nouvelle version de l&rsquo;\u00e9v\u00e9nement hivernal, qui aura lieu les 8 et 9 f\u00e9vrier ainsi que les 15 et 16 f\u00e9vrier, a \u00e9t\u00e9 cr\u00e9\u00e9e \u00e0 la suite des changements effectu\u00e9s par la Ville de L\u00e9vis en ce qui a trait aux organismes de revitalisation des vieux quartiers.<\/p>\n<p>Comme le principal organisateur de L\u00e9vis, attache ta tuque, la Corporation de d\u00e9veloppement du Vieux-L\u00e9vis, est abolie dans le cadre de cette r\u00e9forme, la Ville de L\u00e9vis a repris la main. La municipalit\u00e9 a ainsi charg\u00e9 J-EM \u00c9v\u00e9nements, une firme \u00e9v\u00e9nementielle de Qu\u00e9bec, d&rsquo;organiser la nouvelle version de la f\u00eate hivernale. Au total, la Ville investira 65 000 $ pour permettre la tenue de L\u00e9vis, attache ta tuque en 2020.<\/p>\n<p>Cette derni\u00e8re s&rsquo;amorcera les 8 et 9 f\u00e9vrier, de 9h \u00e0 16h, sur la rue Saint-Louis, la c\u00f4te du Passage et l&rsquo;avenue B\u00e9gin. Les visiteurs pourront profiter gratuitement d&rsquo;un carrousel, un man\u00e8ge, une tyrolienne, un parcours ninja, une fermette, un espace d&rsquo;initiation \u00e0 la planche \u00e0 neige, une ar\u00e8ne de hockey bottine, un terrain de volleyball avec ballons g\u00e9ants, des foyers ext\u00e9rieurs, des jeux ludiques hivernaux (lancer du sapin et cordage de bois), la zone d&rsquo;animation du Patro de L\u00e9vis.<!--more--><\/p>\n<p><a name=\"more\"><\/a><\/p>\n<p>Les pompiers de L\u00e9vis effectueront \u00e9galement des visites sur le site du Vieux-L\u00e9vis, tout comme Bonhomme Carnaval (samedi de 12h \u00e0 12h20 et dimanche de 10h \u00e0 10h20). D\u00e9sirant d\u00e9sormais \u00ab mettre \u00e0 l&rsquo;honneur les commer\u00e7ants locaux \u00bb gr\u00e2ce \u00e0 L\u00e9vis, attache ta tuque, l&rsquo;\u00e9v\u00e9nement pourra \u00e9galement miser sur diverses activit\u00e9s propos\u00e9es par les entrepreneurs du Vieux-L\u00e9vis, comme une buvette sur la terrasse de L&rsquo;intimiste.<\/p>\n<p>\u00ab Nous nous attendons qu&rsquo;il y ait de l&rsquo;animation dans vos commerces et qu&rsquo;on y ressente l&rsquo;ambiance festive de L\u00e9vis, attache ta tuque. Nous voulons que les commer\u00e7ants soient inventifs et qu&rsquo;ils nous am\u00e8nent des choses nouvelles, pour que les gens entrent dans les commerces \u00bb, a notamment soulign\u00e9 Steve Dorval.<\/p>\n<p><strong>Une activit\u00e9 phare ne sera pas de retour<\/strong><br \/>\nToutefois, les habitu\u00e9s de L\u00e9vis, attache ta tuque ne retrouveront pas cette ann\u00e9e la grande glissade qui \u00e9tait \u00e9rig\u00e9e \u00e0 l&rsquo;occasion de la f\u00eate dans la c\u00f4te du Passage. Pour diverses raisons logistiques, les organisateurs ont pr\u00e9f\u00e9r\u00e9 miser sur d&rsquo;autres activit\u00e9s.<\/p>\n<p>\u00ab Nous sommes dans un processus \u00e9volutif. La glissade amenait beaucoup de contraintes et nous avons d\u00e9cid\u00e9 de proc\u00e9der d&rsquo;une mani\u00e8re diff\u00e9rente cette ann\u00e9e. \u00c7a ne veut pas dire qu&rsquo;il n&rsquo;y en aura pas l&rsquo;ann\u00e9e prochaine. On ferait appel davantage \u00e0 des modules pour la construire. Dans les derni\u00e8res ann\u00e9es, la glissade \u00e9tait construite par l&rsquo;\u00e9quipe des travaux publics de la Ville lors de leurs \u2018\u2018temps libres\u00a0\u00bb. Mais avec le dernier hiver que nous avons eu, elle n&rsquo;avait pas beaucoup de temps \u00e0 consacrer \u00e0 la glissade. Aussi, la glissade am\u00e8nait une probl\u00e9matique de circulation pour les pompiers et son co\u00fbt augmentait d&rsquo;ann\u00e9e en ann\u00e9e \u00bb, a expliqu\u00e9 M. Lehouillier.<\/p>\n<p><strong>La f\u00eate se poursuit au CPAL<\/strong><br \/>\nApr\u00e8s ce week-end d&rsquo;activit\u00e9s, d&rsquo;autres activit\u00e9s seront tenues les 15 et 16 f\u00e9vrier au CPAL. Lors de ces deux journ\u00e9es, l&rsquo;acc\u00e8s \u00e0 la glissade sera gratuite pendant toute la journ\u00e9e. De plus, des rabais seront accord\u00e9s aux visiteurs qui voudront attaquer les pistes en ski ou en planche \u00e0 neige.<\/p>\n<p>Un espace d&rsquo;initiation gratuit au snowskate sera aussi accessible, tout comme une zone d&rsquo;animation du Patro de L\u00e9vis et des foyers ext\u00e9rieurs. Enfin, Bonhomme Carnaval rencontrera les visiteurs le samedi, de 11h \u00e0 11h20, et le dimanche, de 12h \u00e0 12h20.<\/p>\n<p>Ajoutons que pr\u00e9sent\u00e9 en marge de L\u00e9vis, attache ta tuque, le D\u00e9jeuner carnavalesque sera aussi de retour, le 7 f\u00e9vrier. Organis\u00e9 par le Club Rotary de L\u00e9vis, l&rsquo;\u00e9v\u00e9nement se tiendra de 6h30 \u00e0 10h30, au restaurant Cosmos de L\u00e9vis.<\/p>\n<p>Pour en savoir plus sur la programmation de L\u00e9vis, attache ta tuque, vous pouvez consulter la page Facebook <em>L\u00e9vis Attache ta tuque<\/em>.<\/p><\/blockquote>\n<p><a href=\"http:\/\/www.journaldelevis.com\/\" target=\"_blank\" rel=\"noopener noreferrer\"><img decoding=\"async\" src=\"http:\/\/www.levisurbain.ca\/wp-content\/uploads\/2017\/04\/jdl_logo2012.png\" alt=\"\" \/><\/a><br \/>\nReproduit avec autorisation.<\/p>\n","protected":false},"excerpt":{"rendered":"<p>Article de \u00c9rick Desch\u00eanes. Le Journal de L\u00e9vis. C&rsquo;est en pr\u00e9sence de nombreux commer\u00e7ants du Vieux-L\u00e9vis et de partenaires de l&rsquo;\u00e9v\u00e9nement que le maire de L\u00e9vis, Gilles Lehouillier, le conseiller municipal du district Notre-Dame, Steve Dorval, et le pr\u00e9sident du Centre de plein air de L\u00e9vis (CPAL), Michel Gagn\u00e9, ont pr\u00e9sent\u00e9, le 22 janvier, la\u2026 <span class=\"read-more\"><a href=\"http:\/\/www.levisurbain.ca\/?p=14467\">Lire la suite &raquo;<\/a><\/span><\/p>\n","protected":false},"author":5,"featured_media":0,"comment_status":"open","ping_status":"open","sticky":false,"template":"","format":"standard","meta":{"footnotes":""},"categories":[57],"tags":[],"class_list":["post-14467","post","type-post","status-publish","format-standard","hentry","category-sports-arts-loisirs"],"_links":{"self":[{"href":"http:\/\/www.levisurbain.ca\/index.php?rest_route=\/wp\/v2\/posts\/14467","targetHints":{"allow":["GET"]}}],"collection":[{"href":"http:\/\/www.levisurbain.ca\/index.php?rest_route=\/wp\/v2\/posts"}],"about":[{"href":"http:\/\/www.levisurbain.ca\/index.php?rest_route=\/wp\/v2\/types\/post"}],"author":[{"embeddable":true,"href":"http:\/\/www.levisurbain.ca\/index.php?rest_route=\/wp\/v2\/users\/5"}],"replies":[{"embeddable":true,"href":"http:\/\/www.levisurbain.ca\/index.php?rest_route=%2Fwp%2Fv2%2Fcomments&post=14467"}],"version-history":[{"count":0,"href":"http:\/\/www.levisurbain.ca\/index.php?rest_route=\/wp\/v2\/posts\/14467\/revisions"}],"wp:attachment":[{"href":"http:\/\/www.levisurbain.ca\/index.php?rest_route=%2Fwp%2Fv2%2Fmedia&parent=14467"}],"wp:term":[{"taxonomy":"category","embeddable":true,"href":"http:\/\/www.levisurbain.ca\/index.php?rest_route=%2Fwp%2Fv2%2Fcategories&post=14467"},{"taxonomy":"post_tag","embeddable":true,"href":"http:\/\/www.levisurbain.ca\/index.php?rest_route=%2Fwp%2Fv2%2Ftags&post=14467"}],"curies":[{"name":"wp","href":"https:\/\/api.w.org\/{rel}","templated":true}]}}