{"id":14398,"date":"2019-11-06T12:54:17","date_gmt":"2019-11-06T17:54:17","guid":{"rendered":"http:\/\/www.levisurbain.ca\/?p=14398"},"modified":"2019-11-06T12:54:46","modified_gmt":"2019-11-06T17:54:46","slug":"boulevard-guillaume-couture-plus-cher-que-prevu-pour-les-voies-reservees-laterales","status":"publish","type":"post","link":"http:\/\/www.levisurbain.ca\/?p=14398","title":{"rendered":"Boulevard Guillaume-Couture : plus cher que pr\u00e9vu pour les voies r\u00e9serv\u00e9es lat\u00e9rales"},"content":{"rendered":"<p>Article de Ta\u00efeb Moalla. <a href=\"https:\/\/www.journaldequebec.com\/\" rel=\"noopener noreferrer\" target=\"_blank\">Le Journal de Qu\u00e9bec<\/a>.<\/p>\n<blockquote><p><strong>Il en co\u00fbtera 87,9 millions $ pour ajouter deux voies r\u00e9serv\u00e9es, sur environ de 5 km, sur le boulevard Guillaume-Couture, \u00e0 L\u00e9vis. C\u2019est 60% plus cher que ce qui \u00e9tait pr\u00e9vu en 2017.<\/strong><\/p>\n<p>La Ville de L\u00e9vis propose finalement que les futures voies r\u00e9serv\u00e9es aux autobus et au covoiturage soient situ\u00e9es en bordure de la chauss\u00e9e (en lat\u00e9ral), plut\u00f4t qu\u2019au milieu de la chauss\u00e9e (en axial).<\/p>\n<p>En juin 2017, la municipalit\u00e9 a affirm\u00e9 avoir deux sc\u00e9narios en main. \u00c0 l\u2019\u00e9poque, le \u00absc\u00e9nario lat\u00e9ral\u00bb devait co\u00fbter 55 millions $.<\/p><\/blockquote>\n<p>=> La suite sur <a href=\"https:\/\/www.journaldequebec.com\/2019\/11\/06\/boulevard-guillaume-couture-levis-prefere-des-voies-reservees-laterales\" rel=\"noopener noreferrer\" target=\"_blank\">journaldequebec.com<\/a>.<\/p>\n","protected":false},"excerpt":{"rendered":"<p>Article de Ta\u00efeb Moalla. Le Journal de Qu\u00e9bec. Il en co\u00fbtera 87,9 millions $ pour ajouter deux voies r\u00e9serv\u00e9es, sur environ de 5 km, sur le boulevard Guillaume-Couture, \u00e0 L\u00e9vis. C\u2019est 60% plus cher que ce qui \u00e9tait pr\u00e9vu en 2017. La Ville de L\u00e9vis propose finalement que les futures voies r\u00e9serv\u00e9es aux autobus et\u2026 <span class=\"read-more\"><a href=\"http:\/\/www.levisurbain.ca\/?p=14398\">Lire la suite &raquo;<\/a><\/span><\/p>\n","protected":false},"author":5,"featured_media":0,"comment_status":"open","ping_status":"open","sticky":false,"template":"","format":"standard","meta":{"footnotes":""},"categories":[65,60],"tags":[64],"class_list":["post-14398","post","type-post","status-publish","format-standard","hentry","category-gouvernement","category-transports","tag-stlevis"],"_links":{"self":[{"href":"http:\/\/www.levisurbain.ca\/index.php?rest_route=\/wp\/v2\/posts\/14398","targetHints":{"allow":["GET"]}}],"collection":[{"href":"http:\/\/www.levisurbain.ca\/index.php?rest_route=\/wp\/v2\/posts"}],"about":[{"href":"http:\/\/www.levisurbain.ca\/index.php?rest_route=\/wp\/v2\/types\/post"}],"author":[{"embeddable":true,"href":"http:\/\/www.levisurbain.ca\/index.php?rest_route=\/wp\/v2\/users\/5"}],"replies":[{"embeddable":true,"href":"http:\/\/www.levisurbain.ca\/index.php?rest_route=%2Fwp%2Fv2%2Fcomments&post=14398"}],"version-history":[{"count":0,"href":"http:\/\/www.levisurbain.ca\/index.php?rest_route=\/wp\/v2\/posts\/14398\/revisions"}],"wp:attachment":[{"href":"http:\/\/www.levisurbain.ca\/index.php?rest_route=%2Fwp%2Fv2%2Fmedia&parent=14398"}],"wp:term":[{"taxonomy":"category","embeddable":true,"href":"http:\/\/www.levisurbain.ca\/index.php?rest_route=%2Fwp%2Fv2%2Fcategories&post=14398"},{"taxonomy":"post_tag","embeddable":true,"href":"http:\/\/www.levisurbain.ca\/index.php?rest_route=%2Fwp%2Fv2%2Ftags&post=14398"}],"curies":[{"name":"wp","href":"https:\/\/api.w.org\/{rel}","templated":true}]}}