{"id":14155,"date":"2019-08-08T08:37:45","date_gmt":"2019-08-08T12:37:45","guid":{"rendered":"http:\/\/www.levisurbain.ca\/?p=14155"},"modified":"2019-08-08T12:29:03","modified_gmt":"2019-08-08T16:29:03","slug":"le-financement-du-transport-collectif-confirme-a-levis","status":"publish","type":"post","link":"http:\/\/www.levisurbain.ca\/?p=14155","title":{"rendered":"Le financement du transport collectif confirm\u00e9 \u00e0 L\u00e9vis"},"content":{"rendered":"<p>Article de Marc-Antoine Lavoie. <a href=\"https:\/\/ici.radio-canada.ca\/quebec\" target=\"_blank\" rel=\"noopener noreferrer\">Ici Radio-Canada.ca Section Qu\u00e9bec<\/a>.<\/p>\n<blockquote><p><strong>L\u00e9vis obtient le financement n\u00e9cessaire \u00e0 la r\u00e9alisation de son projet de transport collectif. Le gouvernement f\u00e9d\u00e9ral a confirm\u00e9 mercredi son appui \u00e0 l\u2019am\u00e9nagement de voies r\u00e9serv\u00e9es sur le boulevard Guillaume-Couture.<\/strong><\/p>\n<p>Le plan de transport structurant adapt\u00e9 \u00e0 la r\u00e9alit\u00e9 l\u00e9visienne a \u00e9t\u00e9 pr\u00e9sent\u00e9 par le maire Gilles Lehouillier en juin 2017, <a href=\"https:\/\/ici.radio-canada.ca\/nouvelle\/1041204\/levis-plan-transport-commun-voies-reservees-autobus-covoiturage\" target=\"_blank\" rel=\"noopener noreferrer\">en r\u00e9ponse \u00e0 l\u2019abandon du projet de SRB<\/a>.<\/p>\n<p>Qu\u00e9bec d\u00e9bourse 50 millions de dollars. Ottawa participe pour sa part \u00e0 la hauteur d\u2019un peu plus de 27 millions de dollars. L\u00e9vis assumera le reste des co\u00fbts du projet estim\u00e9 \u00e0 pr\u00e8s de 88 millions de dollars.<\/p><\/blockquote>\n<p>=&gt; La suite sur <a href=\"https:\/\/ici.radio-canada.ca\/nouvelle\/1251248\/levis-transport-collectif-finacement-federal-provincial\" target=\"_blank\" rel=\"noopener noreferrer\">Ici Radio-Canada.ca<\/a>.<\/p>\n","protected":false},"excerpt":{"rendered":"<p>Article de Marc-Antoine Lavoie. Ici Radio-Canada.ca Section Qu\u00e9bec. L\u00e9vis obtient le financement n\u00e9cessaire \u00e0 la r\u00e9alisation de son projet de transport collectif. Le gouvernement f\u00e9d\u00e9ral a confirm\u00e9 mercredi son appui \u00e0 l\u2019am\u00e9nagement de voies r\u00e9serv\u00e9es sur le boulevard Guillaume-Couture. Le plan de transport structurant adapt\u00e9 \u00e0 la r\u00e9alit\u00e9 l\u00e9visienne a \u00e9t\u00e9 pr\u00e9sent\u00e9 par le maire\u2026 <span class=\"read-more\"><a href=\"http:\/\/www.levisurbain.ca\/?p=14155\">Lire la suite &raquo;<\/a><\/span><\/p>\n","protected":false},"author":1,"featured_media":0,"comment_status":"open","ping_status":"open","sticky":false,"template":"","format":"standard","meta":{"footnotes":""},"categories":[65,60],"tags":[64],"class_list":["post-14155","post","type-post","status-publish","format-standard","hentry","category-gouvernement","category-transports","tag-stlevis"],"_links":{"self":[{"href":"http:\/\/www.levisurbain.ca\/index.php?rest_route=\/wp\/v2\/posts\/14155","targetHints":{"allow":["GET"]}}],"collection":[{"href":"http:\/\/www.levisurbain.ca\/index.php?rest_route=\/wp\/v2\/posts"}],"about":[{"href":"http:\/\/www.levisurbain.ca\/index.php?rest_route=\/wp\/v2\/types\/post"}],"author":[{"embeddable":true,"href":"http:\/\/www.levisurbain.ca\/index.php?rest_route=\/wp\/v2\/users\/1"}],"replies":[{"embeddable":true,"href":"http:\/\/www.levisurbain.ca\/index.php?rest_route=%2Fwp%2Fv2%2Fcomments&post=14155"}],"version-history":[{"count":0,"href":"http:\/\/www.levisurbain.ca\/index.php?rest_route=\/wp\/v2\/posts\/14155\/revisions"}],"wp:attachment":[{"href":"http:\/\/www.levisurbain.ca\/index.php?rest_route=%2Fwp%2Fv2%2Fmedia&parent=14155"}],"wp:term":[{"taxonomy":"category","embeddable":true,"href":"http:\/\/www.levisurbain.ca\/index.php?rest_route=%2Fwp%2Fv2%2Fcategories&post=14155"},{"taxonomy":"post_tag","embeddable":true,"href":"http:\/\/www.levisurbain.ca\/index.php?rest_route=%2Fwp%2Fv2%2Ftags&post=14155"}],"curies":[{"name":"wp","href":"https:\/\/api.w.org\/{rel}","templated":true}]}}