{"id":14050,"date":"2019-07-26T12:22:02","date_gmt":"2019-07-26T16:22:02","guid":{"rendered":"http:\/\/www.levisurbain.ca\/?p=14050"},"modified":"2019-07-26T12:22:02","modified_gmt":"2019-07-26T16:22:02","slug":"762-000-pour-le-verdissement-dun-parc-industriel-a-levis","status":"publish","type":"post","link":"http:\/\/www.levisurbain.ca\/?p=14050","title":{"rendered":"762 000$ pour le verdissement d&rsquo;un parc industriel \u00e0 L\u00e9vis"},"content":{"rendered":"<p>Article de St\u00e9phanie Martin. <a href=\"https:\/\/www.journaldequebec.com\" rel=\"noopener noreferrer\" target=\"_blank\">Le Journal de Qu\u00e9bec<\/a>.<\/p>\n<blockquote><p><strong>La Ville de L\u00e9vis a re\u00e7u un coup de pouce de 762 000$ du gouvernement du Qu\u00e9bec pour verdir un de ses parcs industriels, un projet qui pourrait faire des petits \u00e0 la grandeur de la ville et ailleurs.<\/strong>  <\/p>\n<p>Le ministre de l&rsquo;Environnement, Benoit Charette, s&rsquo;\u00e9tait d\u00e9plac\u00e9 pour annoncer la nouvelle \u00e0 L\u00e9vis, aujourd&rsquo;hui. Les sommes, qui serviront \u00e0 embellir le parc industriel de Berni\u00e8res, dans l&rsquo;ouest de la ville, proviennent de la phase 2 du programme Climat municipalit\u00e9s, qui finance des projets-pilotes pour lutter contre les changements climatiques.<\/p><\/blockquote>\n<p>=> La suite sur <a href=\"https:\/\/www.journaldequebec.com\/2019\/07\/25\/762-000--pour-le-verdissement-dun-parc-industriel\" rel=\"noopener noreferrer\" target=\"_blank\">journaldequebec.com<\/a>.<\/p>\n","protected":false},"excerpt":{"rendered":"<p>Article de St\u00e9phanie Martin. Le Journal de Qu\u00e9bec. La Ville de L\u00e9vis a re\u00e7u un coup de pouce de 762 000$ du gouvernement du Qu\u00e9bec pour verdir un de ses parcs industriels, un projet qui pourrait faire des petits \u00e0 la grandeur de la ville et ailleurs. Le ministre de l&rsquo;Environnement, Benoit Charette, s&rsquo;\u00e9tait d\u00e9plac\u00e9\u2026 <span class=\"read-more\"><a href=\"http:\/\/www.levisurbain.ca\/?p=14050\">Lire la suite &raquo;<\/a><\/span><\/p>\n","protected":false},"author":5,"featured_media":0,"comment_status":"open","ping_status":"open","sticky":false,"template":"","format":"standard","meta":{"footnotes":""},"categories":[71,65],"tags":[],"class_list":["post-14050","post","type-post","status-publish","format-standard","hentry","category-environnement","category-gouvernement"],"_links":{"self":[{"href":"http:\/\/www.levisurbain.ca\/index.php?rest_route=\/wp\/v2\/posts\/14050","targetHints":{"allow":["GET"]}}],"collection":[{"href":"http:\/\/www.levisurbain.ca\/index.php?rest_route=\/wp\/v2\/posts"}],"about":[{"href":"http:\/\/www.levisurbain.ca\/index.php?rest_route=\/wp\/v2\/types\/post"}],"author":[{"embeddable":true,"href":"http:\/\/www.levisurbain.ca\/index.php?rest_route=\/wp\/v2\/users\/5"}],"replies":[{"embeddable":true,"href":"http:\/\/www.levisurbain.ca\/index.php?rest_route=%2Fwp%2Fv2%2Fcomments&post=14050"}],"version-history":[{"count":0,"href":"http:\/\/www.levisurbain.ca\/index.php?rest_route=\/wp\/v2\/posts\/14050\/revisions"}],"wp:attachment":[{"href":"http:\/\/www.levisurbain.ca\/index.php?rest_route=%2Fwp%2Fv2%2Fmedia&parent=14050"}],"wp:term":[{"taxonomy":"category","embeddable":true,"href":"http:\/\/www.levisurbain.ca\/index.php?rest_route=%2Fwp%2Fv2%2Fcategories&post=14050"},{"taxonomy":"post_tag","embeddable":true,"href":"http:\/\/www.levisurbain.ca\/index.php?rest_route=%2Fwp%2Fv2%2Ftags&post=14050"}],"curies":[{"name":"wp","href":"https:\/\/api.w.org\/{rel}","templated":true}]}}