{"id":13743,"date":"2018-12-03T12:33:23","date_gmt":"2018-12-03T17:33:23","guid":{"rendered":"http:\/\/www.levisurbain.ca\/?p=13743"},"modified":"2018-12-03T12:33:34","modified_gmt":"2018-12-03T17:33:34","slug":"letude-sur-linterconnexion-entre-levis-et-quebec-reprise-par-le-ministere","status":"publish","type":"post","link":"http:\/\/www.levisurbain.ca\/?p=13743","title":{"rendered":"L\u2019\u00e9tude sur l\u2019interconnexion entre L\u00e9vis et Qu\u00e9bec reprise par le minist\u00e8re"},"content":{"rendered":"<p>Article de Jean-Fran\u00e7ois N\u00e9ron. <a href=\"https:\/\/www.lesoleil.com\/\" rel=\"noopener\" target=\"_blank\">Le Soleil<\/a>.<\/p>\n<blockquote><p><strong>L\u2019\u00e9tude sur l\u2019interconnexion entre L\u00e9vis et Qu\u00e9bec en mati\u00e8re de transport en commun change de main. C\u2019est finalement le minist\u00e8re des Transports qui \u00e9valuera le sc\u00e9nario \u00e0 retenir pour connecter les deux rives.<\/strong><\/p>\n<p>Le gouvernement lib\u00e9ral avait annonc\u00e9 au printemps une enveloppe de 8 millions $ pour que L\u00e9vis prenne en charge le dossier de l\u2019interconnexion. \u00c0 l\u2019\u00e9poque, le maire Gilles Lehouillier s\u2019\u00e9tait dit ravi de pouvoir mener cette \u00e9tude. Il en avait m\u00eame fait une exigence. Aujourd\u2019hui, il se ravise.<\/p><\/blockquote>\n<p>=> La suite sur <a href=\"https:\/\/www.lesoleil.com\/actualite\/la-capitale\/letude-sur-linterconnexion-entre-levis-et-quebec-reprise-par-le-ministere-c90f952d7b7b980771e75f2e022a3225\" rel=\"noopener\" target=\"_blank\">lesoleil.com<\/a>.<\/p>\n","protected":false},"excerpt":{"rendered":"<p>Article de Jean-Fran\u00e7ois N\u00e9ron. Le Soleil. L\u2019\u00e9tude sur l\u2019interconnexion entre L\u00e9vis et Qu\u00e9bec en mati\u00e8re de transport en commun change de main. C\u2019est finalement le minist\u00e8re des Transports qui \u00e9valuera le sc\u00e9nario \u00e0 retenir pour connecter les deux rives. Le gouvernement lib\u00e9ral avait annonc\u00e9 au printemps une enveloppe de 8 millions $ pour que L\u00e9vis\u2026 <span class=\"read-more\"><a href=\"http:\/\/www.levisurbain.ca\/?p=13743\">Lire la suite &raquo;<\/a><\/span><\/p>\n","protected":false},"author":5,"featured_media":0,"comment_status":"open","ping_status":"open","sticky":false,"template":"","format":"standard","meta":{"footnotes":""},"categories":[65,60],"tags":[64,66],"class_list":["post-13743","post","type-post","status-publish","format-standard","hentry","category-gouvernement","category-transports","tag-stlevis","tag-tramway-srb"],"_links":{"self":[{"href":"http:\/\/www.levisurbain.ca\/index.php?rest_route=\/wp\/v2\/posts\/13743","targetHints":{"allow":["GET"]}}],"collection":[{"href":"http:\/\/www.levisurbain.ca\/index.php?rest_route=\/wp\/v2\/posts"}],"about":[{"href":"http:\/\/www.levisurbain.ca\/index.php?rest_route=\/wp\/v2\/types\/post"}],"author":[{"embeddable":true,"href":"http:\/\/www.levisurbain.ca\/index.php?rest_route=\/wp\/v2\/users\/5"}],"replies":[{"embeddable":true,"href":"http:\/\/www.levisurbain.ca\/index.php?rest_route=%2Fwp%2Fv2%2Fcomments&post=13743"}],"version-history":[{"count":0,"href":"http:\/\/www.levisurbain.ca\/index.php?rest_route=\/wp\/v2\/posts\/13743\/revisions"}],"wp:attachment":[{"href":"http:\/\/www.levisurbain.ca\/index.php?rest_route=%2Fwp%2Fv2%2Fmedia&parent=13743"}],"wp:term":[{"taxonomy":"category","embeddable":true,"href":"http:\/\/www.levisurbain.ca\/index.php?rest_route=%2Fwp%2Fv2%2Fcategories&post=13743"},{"taxonomy":"post_tag","embeddable":true,"href":"http:\/\/www.levisurbain.ca\/index.php?rest_route=%2Fwp%2Fv2%2Ftags&post=13743"}],"curies":[{"name":"wp","href":"https:\/\/api.w.org\/{rel}","templated":true}]}}