{"id":13727,"date":"2018-11-22T23:21:28","date_gmt":"2018-11-23T04:21:28","guid":{"rendered":"http:\/\/www.levisurbain.ca\/?p=13727"},"modified":"2018-11-22T23:22:03","modified_gmt":"2018-11-23T04:22:03","slug":"plus-du-quart-des-quebecois-nont-pas-dopinion-sur-le-troisieme-lien","status":"publish","type":"post","link":"http:\/\/www.levisurbain.ca\/?p=13727","title":{"rendered":"Plus du quart des Qu\u00e9b\u00e9cois n&rsquo;ont pas d&rsquo;opinion sur le troisi\u00e8me lien"},"content":{"rendered":"<p>Article de Jonathan Lavoie. <a href=\"https:\/\/ici.radio-canada.ca\" rel=\"noopener\" target=\"_blank\">ICI Radio-Canada.ca &#8211; R\u00e9gion de Qu\u00e9bec<\/a>.<\/p>\n<blockquote><p><strong>Malgr\u00e9 la pr\u00e9sence marqu\u00e9e du dossier du troisi\u00e8me lien dans la derni\u00e8re campagne \u00e9lectorale et la promesse d&rsquo;importants investissements publics par la Coalition avenir Qu\u00e9bec, plus du quart des Qu\u00e9b\u00e9cois n&rsquo;avaient pas d&rsquo;opinion sur le sujet au lendemain des \u00e9lections.<\/strong><\/p>\n<p>\u00ab Il y a pr\u00e8s de 30 % des gens qui n\u2019ont pas d\u2019avis sur le sujet, ce qui peut para\u00eetre un peu \u00e9tonnant parce qu&rsquo;on en a parl\u00e9 beaucoup \u00bb, commente Charles Breton, directeur de la recherche chez Vox Pop Labs et auteur d&rsquo;une vaste \u00e9tude post\u00e9lectorale.<\/p><\/blockquote>\n<p>=> La suite sur <a href=\"https:\/\/ici.radio-canada.ca\/nouvelle\/1137219\/etude-popularite-troisieme-lien-quebec\" rel=\"noopener\" target=\"_blank\">ici.radio-canada.ca<\/a><\/p>\n","protected":false},"excerpt":{"rendered":"<p>Article de Jonathan Lavoie. ICI Radio-Canada.ca &#8211; R\u00e9gion de Qu\u00e9bec. Malgr\u00e9 la pr\u00e9sence marqu\u00e9e du dossier du troisi\u00e8me lien dans la derni\u00e8re campagne \u00e9lectorale et la promesse d&rsquo;importants investissements publics par la Coalition avenir Qu\u00e9bec, plus du quart des Qu\u00e9b\u00e9cois n&rsquo;avaient pas d&rsquo;opinion sur le sujet au lendemain des \u00e9lections. \u00ab Il y a pr\u00e8s\u2026 <span class=\"read-more\"><a href=\"http:\/\/www.levisurbain.ca\/?p=13727\">Lire la suite &raquo;<\/a><\/span><\/p>\n","protected":false},"author":5,"featured_media":0,"comment_status":"open","ping_status":"open","sticky":false,"template":"","format":"standard","meta":{"footnotes":""},"categories":[60],"tags":[63],"class_list":["post-13727","post","type-post","status-publish","format-standard","hentry","category-transports","tag-3e-lien"],"_links":{"self":[{"href":"http:\/\/www.levisurbain.ca\/index.php?rest_route=\/wp\/v2\/posts\/13727","targetHints":{"allow":["GET"]}}],"collection":[{"href":"http:\/\/www.levisurbain.ca\/index.php?rest_route=\/wp\/v2\/posts"}],"about":[{"href":"http:\/\/www.levisurbain.ca\/index.php?rest_route=\/wp\/v2\/types\/post"}],"author":[{"embeddable":true,"href":"http:\/\/www.levisurbain.ca\/index.php?rest_route=\/wp\/v2\/users\/5"}],"replies":[{"embeddable":true,"href":"http:\/\/www.levisurbain.ca\/index.php?rest_route=%2Fwp%2Fv2%2Fcomments&post=13727"}],"version-history":[{"count":0,"href":"http:\/\/www.levisurbain.ca\/index.php?rest_route=\/wp\/v2\/posts\/13727\/revisions"}],"wp:attachment":[{"href":"http:\/\/www.levisurbain.ca\/index.php?rest_route=%2Fwp%2Fv2%2Fmedia&parent=13727"}],"wp:term":[{"taxonomy":"category","embeddable":true,"href":"http:\/\/www.levisurbain.ca\/index.php?rest_route=%2Fwp%2Fv2%2Fcategories&post=13727"},{"taxonomy":"post_tag","embeddable":true,"href":"http:\/\/www.levisurbain.ca\/index.php?rest_route=%2Fwp%2Fv2%2Ftags&post=13727"}],"curies":[{"name":"wp","href":"https:\/\/api.w.org\/{rel}","templated":true}]}}