{"id":13624,"date":"2018-10-24T12:14:37","date_gmt":"2018-10-24T16:14:37","guid":{"rendered":"http:\/\/www.levisurbain.ca\/?p=13624"},"modified":"2018-10-24T12:14:37","modified_gmt":"2018-10-24T16:14:37","slug":"le-rachat-du-pont-de-quebec-nest-pas-la-seule-option","status":"publish","type":"post","link":"http:\/\/www.levisurbain.ca\/?p=13624","title":{"rendered":"Le rachat du pont de Qu\u00e9bec n\u2019est pas la seule option"},"content":{"rendered":"<p>Article de Ta\u00efeb Moalla. <a href=\"https:\/\/www.journaldequebec.com\" rel=\"noopener\" target=\"_blank\">Le Journal de Qu\u00e9bec<\/a>.<\/p>\n<blockquote><p><strong>Un \u00e9ventuel rachat du pont de Qu\u00e9bec par Ottawa n&rsquo;est \u00ab qu&rsquo;un des sc\u00e9narios \u00bb qui sont au c\u0153ur des n\u00e9gociations entre le f\u00e9d\u00e9ral et le Canadien National (CN), selon le ministre Fran\u00e7ois-Philippe Champagne.<\/strong><\/p>\n<p>\u00ab C&rsquo;est un de plusieurs sc\u00e9narios. L&rsquo;engagement et l&rsquo;objectif que j&rsquo;ai, c&rsquo;est de peinturer le pont de Qu\u00e9bec. Je regarde toutes sortes d&rsquo;options qui peuvent \u00eatre soumises par diff\u00e9rentes partie s\u00bb, a soutenu le ministre de l&rsquo;Infrastructure et des Collectivit\u00e9s, mardi, en entrevue avec Le Journal.<\/p><\/blockquote>\n<p>=> La suite sur <a href=\"https:\/\/www.journaldequebec.com\/2018\/10\/24\/le-rachat-du-pont-de-quebec-nest-pas-la-seule-option\" rel=\"noopener\" target=\"_blank\">journaldequebec.com<\/a>.<\/p>\n","protected":false},"excerpt":{"rendered":"<p>Article de Ta\u00efeb Moalla. Le Journal de Qu\u00e9bec. Un \u00e9ventuel rachat du pont de Qu\u00e9bec par Ottawa n&rsquo;est \u00ab qu&rsquo;un des sc\u00e9narios \u00bb qui sont au c\u0153ur des n\u00e9gociations entre le f\u00e9d\u00e9ral et le Canadien National (CN), selon le ministre Fran\u00e7ois-Philippe Champagne. \u00ab C&rsquo;est un de plusieurs sc\u00e9narios. L&rsquo;engagement et l&rsquo;objectif que j&rsquo;ai, c&rsquo;est de\u2026 <span class=\"read-more\"><a href=\"http:\/\/www.levisurbain.ca\/?p=13624\">Lire la suite &raquo;<\/a><\/span><\/p>\n","protected":false},"author":5,"featured_media":0,"comment_status":"open","ping_status":"open","sticky":false,"template":"","format":"standard","meta":{"footnotes":""},"categories":[65,68,60],"tags":[73],"class_list":["post-13624","post","type-post","status-publish","format-standard","hentry","category-gouvernement","category-patrimoine","category-transports","tag-pont-de-quebec"],"_links":{"self":[{"href":"http:\/\/www.levisurbain.ca\/index.php?rest_route=\/wp\/v2\/posts\/13624","targetHints":{"allow":["GET"]}}],"collection":[{"href":"http:\/\/www.levisurbain.ca\/index.php?rest_route=\/wp\/v2\/posts"}],"about":[{"href":"http:\/\/www.levisurbain.ca\/index.php?rest_route=\/wp\/v2\/types\/post"}],"author":[{"embeddable":true,"href":"http:\/\/www.levisurbain.ca\/index.php?rest_route=\/wp\/v2\/users\/5"}],"replies":[{"embeddable":true,"href":"http:\/\/www.levisurbain.ca\/index.php?rest_route=%2Fwp%2Fv2%2Fcomments&post=13624"}],"version-history":[{"count":0,"href":"http:\/\/www.levisurbain.ca\/index.php?rest_route=\/wp\/v2\/posts\/13624\/revisions"}],"wp:attachment":[{"href":"http:\/\/www.levisurbain.ca\/index.php?rest_route=%2Fwp%2Fv2%2Fmedia&parent=13624"}],"wp:term":[{"taxonomy":"category","embeddable":true,"href":"http:\/\/www.levisurbain.ca\/index.php?rest_route=%2Fwp%2Fv2%2Fcategories&post=13624"},{"taxonomy":"post_tag","embeddable":true,"href":"http:\/\/www.levisurbain.ca\/index.php?rest_route=%2Fwp%2Fv2%2Ftags&post=13624"}],"curies":[{"name":"wp","href":"https:\/\/api.w.org\/{rel}","templated":true}]}}