{"id":13429,"date":"2018-09-08T09:19:20","date_gmt":"2018-09-08T13:19:20","guid":{"rendered":"http:\/\/www.levisurbain.ca\/?p=13429"},"modified":"2018-09-17T23:43:26","modified_gmt":"2018-09-18T03:43:26","slug":"le-prolongement-detienne-dallaire-se-poursuit","status":"publish","type":"post","link":"http:\/\/www.levisurbain.ca\/?p=13429","title":{"rendered":"Le prolongement d\u2019\u00c9tienne-Dallaire se poursuit"},"content":{"rendered":"<p>Article de Aude Malaret. <a href=\"http:\/\/www.journaldelevis.com\/\" target=\"_blank\" rel=\"noopener\">Le Journal de L\u00e9vis<\/a>.<\/p>\n<blockquote><p><strong>La deuxi\u00e8me phase des travaux de prolongement du boulevard \u00c9tienne-Dallaire, r\u00e9alis\u00e9s dans le cadre du projet de d\u00e9veloppement r\u00e9sidentiel et commercial Umano, a \u00e9t\u00e9 officiellement lanc\u00e9e ce 7 septembre.<\/strong><\/p>\n<p>D\u00e9but\u00e9e en ao\u00fbt, cette nouvelle \u00e9tape des travaux verra la r\u00e9alisation de la section ouest du boulevard, qui reliera la rue Berlioz au boulevard Alphonse-Desjardins, pr\u00e8s de l&rsquo;UQAR, d&rsquo;ici la fin de l&rsquo;ann\u00e9e 2018.<\/p>\n<p>Elle fait suite \u00e0 la r\u00e9alisation, en 2016-2017, de la section est du boulevard \u00e0 partir de la rue Berlioz, qui sera raccord\u00e9e \u00e0 la rue Saint-Omer dont le prolongement est pr\u00e9vu \u00e0 partir de 2019.<\/p>\n<p>Ces deux phases totaliseront pr\u00e8s d&rsquo;un kilom\u00e8tre et compteront quatre voies de circulation, s\u00e9par\u00e9es par un terre-plein central v\u00e9g\u00e9talis\u00e9, ainsi qu&rsquo;un trottoir, une piste multifonctionnelle et des terre-pleins lat\u00e9raux v\u00e9g\u00e9talis\u00e9s.<\/p>\n<p>Le prolongement du boulevard \u00c9tienne-Dallaire a n\u00e9cessit\u00e9 une entente sur les travaux municipaux avec le promoteur du projet Umano, le Groupe CSB. La participation financi\u00e8re de la Ville pour les travaux de surdimensionnement est \u00e9valu\u00e9e \u00e0 1,8\u00a0M$ pour les deux phases.<\/p>\n<p>Viendra ensuite l&rsquo;\u00e9largissement de l&rsquo;actuelle rue Saint-Omer, entre le boulevard Guillaume-Couture et le chemin des Forts, ainsi que son prolongement, entre le chemin des Forts et le boulevard \u00c9tienne-Dallaire, en 2019, puis entre le boulevard \u00c9tienne-Dallaire et la rue Wilfrid-Carrier, en 2020-2021.<\/p>\n<p><strong>2\u00a0000\u00a0unit\u00e9s de logement<\/strong><br \/>\nCe projet, qui sortira de terre au cours des dix prochaines ann\u00e9es, comprendra 2\u00a0000\u00a0unit\u00e9s de logement et repr\u00e9sentera une superficie commerciale et de services de 69\u00a0000\u00a0m<sup>2<\/sup>. Le groupe a d&rsquo;ailleurs d\u00e9j\u00e0 d\u00e9velopp\u00e9 1 500 unit\u00e9s de logement \u00e0 L\u00e9vis.<\/p>\n<p>La construction de plusieurs b\u00e2timents proche de la future esplanade, qui devrait \u00eatre r\u00e9alis\u00e9e d&rsquo;ici quatre ans, ainsi que du boulevard \u00c9tienne-Dallaire, a d\u00e9j\u00e0 commenc\u00e9, a affirm\u00e9 le pr\u00e9sident du Groupe CSB, Stephen Boutin. Il a confirm\u00e9 que\u00a0le chemin des Forts sera ferm\u00e9 \u00e0 la circulation une fois la nouvelle place publique sortie de terre.<\/p>\n<p>\u00ab Le projet Umano s&rsquo;inscrit \u00e0 titre d&rsquo;un nouveau quartier ax\u00e9 sur le mieux-vivre qui permettra la mise en \u0153uvre d&rsquo;un milieu de vie et de travail id\u00e9al pour les r\u00e9sidents et travailleurs actuels et futurs de ce secteur \u00bb, a-t-il d\u00e9clar\u00e9.<\/p>\n<p>Plus g\u00e9n\u00e9ralement, \u00ab au cours des dix prochaines ann\u00e9es, nous pr\u00e9voyons ajouter environ 8\u00a0500\u00a0unit\u00e9s de logement et 150\u00a0000\u00a0m<sup>2<\/sup>\u00a0de superficie commerciale et de services (\u00e0 L\u00e9vis) \u00bb, a d\u00e9clar\u00e9 Guy Dumoulin, conseiller municipal et pr\u00e9sident du comit\u00e9 consultatif d&rsquo;urbanisme de la Ville de L\u00e9vis.<\/p><\/blockquote>\n<p><a href=\"http:\/\/www.journaldelevis.com\/\" target=\"_blank\" rel=\"noopener noreferrer\"><img decoding=\"async\" src=\"http:\/\/www.levisurbain.ca\/wp-content\/uploads\/2017\/04\/jdl_logo2012.png\" alt=\"\" \/><\/a><br \/>\nReproduit avec autorisation.<\/p>\n","protected":false},"excerpt":{"rendered":"<p>Article de Aude Malaret. Le Journal de L\u00e9vis. La deuxi\u00e8me phase des travaux de prolongement du boulevard \u00c9tienne-Dallaire, r\u00e9alis\u00e9s dans le cadre du projet de d\u00e9veloppement r\u00e9sidentiel et commercial Umano, a \u00e9t\u00e9 officiellement lanc\u00e9e ce 7 septembre. D\u00e9but\u00e9e en ao\u00fbt, cette nouvelle \u00e9tape des travaux verra la r\u00e9alisation de la section ouest du boulevard, qui\u2026 <span class=\"read-more\"><a href=\"http:\/\/www.levisurbain.ca\/?p=13429\">Lire la suite &raquo;<\/a><\/span><\/p>\n","protected":false},"author":1,"featured_media":0,"comment_status":"open","ping_status":"open","sticky":false,"template":"","format":"standard","meta":{"footnotes":""},"categories":[55,60],"tags":[],"class_list":["post-13429","post","type-post","status-publish","format-standard","hentry","category-habitation","category-transports"],"_links":{"self":[{"href":"http:\/\/www.levisurbain.ca\/index.php?rest_route=\/wp\/v2\/posts\/13429","targetHints":{"allow":["GET"]}}],"collection":[{"href":"http:\/\/www.levisurbain.ca\/index.php?rest_route=\/wp\/v2\/posts"}],"about":[{"href":"http:\/\/www.levisurbain.ca\/index.php?rest_route=\/wp\/v2\/types\/post"}],"author":[{"embeddable":true,"href":"http:\/\/www.levisurbain.ca\/index.php?rest_route=\/wp\/v2\/users\/1"}],"replies":[{"embeddable":true,"href":"http:\/\/www.levisurbain.ca\/index.php?rest_route=%2Fwp%2Fv2%2Fcomments&post=13429"}],"version-history":[{"count":0,"href":"http:\/\/www.levisurbain.ca\/index.php?rest_route=\/wp\/v2\/posts\/13429\/revisions"}],"wp:attachment":[{"href":"http:\/\/www.levisurbain.ca\/index.php?rest_route=%2Fwp%2Fv2%2Fmedia&parent=13429"}],"wp:term":[{"taxonomy":"category","embeddable":true,"href":"http:\/\/www.levisurbain.ca\/index.php?rest_route=%2Fwp%2Fv2%2Fcategories&post=13429"},{"taxonomy":"post_tag","embeddable":true,"href":"http:\/\/www.levisurbain.ca\/index.php?rest_route=%2Fwp%2Fv2%2Ftags&post=13429"}],"curies":[{"name":"wp","href":"https:\/\/api.w.org\/{rel}","templated":true}]}}