{"id":13174,"date":"2018-06-14T12:21:09","date_gmt":"2018-06-14T16:21:09","guid":{"rendered":"http:\/\/www.levisurbain.ca\/?p=13174"},"modified":"2018-06-14T12:22:05","modified_gmt":"2018-06-14T16:22:05","slug":"bellechasse-demande-des-precisions-au-devis-technique-dun-3e-lien","status":"publish","type":"post","link":"http:\/\/www.levisurbain.ca\/?p=13174","title":{"rendered":"Bellechasse demande des pr\u00e9cisions au devis technique d\u2019un 3e lien"},"content":{"rendered":"<p>Article de \u00c9ric Gourde. <a href=\"https:\/\/www.lavoixdusud.com\" rel=\"noopener\" target=\"_blank\">La Voix du Sud<\/a>.<\/p>\n<blockquote><p>La MRC de Bellechasse souhaite appuyer le maire de L\u00e9vis, Gilles Lehouillier, dans sa d\u00e9marche aupr\u00e8s du Bureau de projet sur la construction d\u2019un 3e lien entre Qu\u00e9bec et L\u00e9vis.<\/p>\n<p>\u00c0 la suite du d\u00e9p\u00f4t d\u2019une liste de questions par M. Lehouillier mercredi, en lien avec la r\u00e9alisation de l\u2019\u00e9tude d\u2019opportunit\u00e9 d\u2019un nouveau lien routier, le pr\u00e9fet de la MRC, Cl\u00e9ment Fillion, soutient que l\u2019\u00e9tude doit porter particuli\u00e8rement sur un nouveau lien autoroutier. \u00ab Le probl\u00e8me de mobilit\u00e9 et de congestion ne concerne pas seulement les villes de Qu\u00e9bec et de L\u00e9vis, mais l\u2019ensemble de la grande r\u00e9gion \u00bb, insiste-t-il.<\/p><\/blockquote>\n<p>=> La suite sur <a href=\"https:\/\/www.lavoixdusud.com\/bellechasse-demande-precisions-devis-technique-dun-3e-lien\/\" rel=\"noopener\" target=\"_blank\">lavoixdusud.com<\/a>.<\/p>\n","protected":false},"excerpt":{"rendered":"<p>Article de \u00c9ric Gourde. La Voix du Sud. La MRC de Bellechasse souhaite appuyer le maire de L\u00e9vis, Gilles Lehouillier, dans sa d\u00e9marche aupr\u00e8s du Bureau de projet sur la construction d\u2019un 3e lien entre Qu\u00e9bec et L\u00e9vis. \u00c0 la suite du d\u00e9p\u00f4t d\u2019une liste de questions par M. Lehouillier mercredi, en lien avec la\u2026 <span class=\"read-more\"><a href=\"http:\/\/www.levisurbain.ca\/?p=13174\">Lire la suite &raquo;<\/a><\/span><\/p>\n","protected":false},"author":5,"featured_media":0,"comment_status":"open","ping_status":"open","sticky":false,"template":"","format":"standard","meta":{"footnotes":""},"categories":[65,60],"tags":[63],"class_list":["post-13174","post","type-post","status-publish","format-standard","hentry","category-gouvernement","category-transports","tag-3e-lien"],"_links":{"self":[{"href":"http:\/\/www.levisurbain.ca\/index.php?rest_route=\/wp\/v2\/posts\/13174","targetHints":{"allow":["GET"]}}],"collection":[{"href":"http:\/\/www.levisurbain.ca\/index.php?rest_route=\/wp\/v2\/posts"}],"about":[{"href":"http:\/\/www.levisurbain.ca\/index.php?rest_route=\/wp\/v2\/types\/post"}],"author":[{"embeddable":true,"href":"http:\/\/www.levisurbain.ca\/index.php?rest_route=\/wp\/v2\/users\/5"}],"replies":[{"embeddable":true,"href":"http:\/\/www.levisurbain.ca\/index.php?rest_route=%2Fwp%2Fv2%2Fcomments&post=13174"}],"version-history":[{"count":0,"href":"http:\/\/www.levisurbain.ca\/index.php?rest_route=\/wp\/v2\/posts\/13174\/revisions"}],"wp:attachment":[{"href":"http:\/\/www.levisurbain.ca\/index.php?rest_route=%2Fwp%2Fv2%2Fmedia&parent=13174"}],"wp:term":[{"taxonomy":"category","embeddable":true,"href":"http:\/\/www.levisurbain.ca\/index.php?rest_route=%2Fwp%2Fv2%2Fcategories&post=13174"},{"taxonomy":"post_tag","embeddable":true,"href":"http:\/\/www.levisurbain.ca\/index.php?rest_route=%2Fwp%2Fv2%2Ftags&post=13174"}],"curies":[{"name":"wp","href":"https:\/\/api.w.org\/{rel}","templated":true}]}}