{"id":13152,"date":"2018-06-11T12:59:17","date_gmt":"2018-06-11T16:59:17","guid":{"rendered":"http:\/\/www.levisurbain.ca\/?p=13152"},"modified":"2018-06-11T12:59:42","modified_gmt":"2018-06-11T16:59:42","slug":"3e-lien-une-marche-citoyenne-pour-appuyer-lehouillier","status":"publish","type":"post","link":"http:\/\/www.levisurbain.ca\/?p=13152","title":{"rendered":"3e lien : une marche citoyenne pour appuyer Lehouillier"},"content":{"rendered":"<p>Article de \u00c9rick Deschenes. <a href=\"http:\/\/www.journaldelevis.com\" rel=\"noopener\" target=\"_blank\">Le Journal de L\u00e9vis<\/a>.<\/p>\n<blockquote><p><strong>Afin de permettre aux gens de la r\u00e9gion de manifester publiquement leur appui au projet de troisi\u00e8me lien interrives \u00e0 l&rsquo;est ainsi qu&rsquo;au maire de L\u00e9vis, Gilles Lehouillier, un groupe de citoyens de la Rive-Sud organisera une marche citoyenne, le samedi 16 juin, du c\u00f4t\u00e9 de Qu\u00e9bec.<\/strong><\/p>\n<p>C&rsquo;est \u00e0 la suite d&rsquo;une discussion entre un groupe de cinq amis, compos\u00e9 notamment de r\u00e9sidents de Saint-Apollinaire, de L\u00e9vis et de Montmagny, que l&rsquo;id\u00e9e de cr\u00e9er un groupe Facebook d\u00e9di\u00e9 \u00e0 cette cause et d&rsquo;organiser une marche citoyenne est n\u00e9e.<br \/>\nRapidement, l&rsquo;initiative a fait boule de neige, rejoignant plus de 300 personnes sur Facebook, et le groupe a d\u00e9cid\u00e9 de passer \u00e0 l&rsquo;action le 16 juin prochain.<\/p>\n<p>\u00ab Nous avons convenu qu&rsquo;il fallait faire quelque chose pour appuyer M. Lehouillier, qui veut r\u00e9ellement le troisi\u00e8me lien, puisqu&rsquo;il n&rsquo;est pas \u00e9cout\u00e9 par le gouvernement provincial. [\u2026] On veut se faire voir et se faire entendre. On trouve que le gouvernement ne nous \u00e9coute pas, qu&rsquo;il \u00e9coute juste le maire Labeaume (R\u00e9gis, maire de Qu\u00e9bec). [\u2026] On veut que ce dossier bouge \u00bb, a expliqu\u00e9 Marco Breton, un r\u00e9sident de Saint-\u00c9tienne-de-Lauzon qui est l&rsquo;un des initiateurs de la marche.<\/p>\n<p><strong>Qu\u00e9bec : un choix pas anodin<\/strong><br \/>\nLes organisateurs de la manifestation convient les citoyens int\u00e9ress\u00e9s \u00e0 prendre part \u00e0 l&rsquo;action \u00e0 se joindre \u00e0 eux avec tambours, clairons et trompettes d\u00e8s 11h, le 16 juin, en face de l&rsquo;h\u00f4tel de ville de Qu\u00e9bec, un lieu choisi apr\u00e8s m\u00fbre r\u00e9flexion.<!--more--><\/p>\n<p><a name=\"more\"><\/a>\u00ab On veut montrer \u00e0 notre ami Labeaume que nous trouvons important d&rsquo;avoir le troisi\u00e8me lien. C&rsquo;est beau le tramway, oui \u00e7a le prend aussi et \u00e7a prend toutes sortes de moyens de transport pour d\u00e9sengorger, mais le troisi\u00e8me lien fait partie de la solution \u00bb, a soutenu M. Breton.<\/p>\n<p>Par la suite, les participants \u00e0 la marche emprunteront la rue de Buade, la c\u00f4te de la Montagne et la rue Notre-Dame pour se diriger vers la traverse Qu\u00e9bec-L\u00e9vis. Le groupe d\u00e9sire ensuite faire un aller-retour sur l&rsquo;un des traversiers, en vue de faire une d\u00e9monstration ironique d&rsquo;une des hypoth\u00e8ses avanc\u00e9es pour am\u00e9liorer les liens entre les deux rives : un traversier r\u00e9serv\u00e9 uniquement aux pi\u00e9tons.<\/p>\n<p>De retour sur la rive nord du Saint-Laurent, les manifestants retourneront sur leurs pas pour conclure la marche en face de l&rsquo;h\u00f4tel de ville de Qu\u00e9bec. Les organisateurs esp\u00e8rent qu&rsquo;au moins 500 personnes prendront part \u00e0 leur initiative afin d&rsquo;envoyer un message fort aux politiciens.<\/p>\n<p>\u00ab On a h\u00e2te au 16 juin pour se faire entendre et que le gouvernement nous entende. Les \u00e9lections provinciales s&rsquo;en viennent et le f\u00e9d\u00e9ral, ce sera l&rsquo;an prochain. Nous voulons aussi nous faire entendre des politiciens f\u00e9d\u00e9raux \u00bb, a affirm\u00e9 Marco Breton.<\/p>\n<p>Notons finalement que les personnes int\u00e9ress\u00e9es \u00e0 en savoir plus sur l&rsquo;\u00e9v\u00e9nement peuvent se joindre au groupe Facebook Marche citoyenne pour un Troisi\u00e8me lien routier a l&rsquo;EST 16 Juin 2018 (SIC).<\/p><\/blockquote>\n","protected":false},"excerpt":{"rendered":"<p>Article de \u00c9rick Deschenes. Le Journal de L\u00e9vis. Afin de permettre aux gens de la r\u00e9gion de manifester publiquement leur appui au projet de troisi\u00e8me lien interrives \u00e0 l&rsquo;est ainsi qu&rsquo;au maire de L\u00e9vis, Gilles Lehouillier, un groupe de citoyens de la Rive-Sud organisera une marche citoyenne, le samedi 16 juin, du c\u00f4t\u00e9 de Qu\u00e9bec.\u2026 <span class=\"read-more\"><a href=\"http:\/\/www.levisurbain.ca\/?p=13152\">Lire la suite &raquo;<\/a><\/span><\/p>\n","protected":false},"author":5,"featured_media":0,"comment_status":"open","ping_status":"open","sticky":false,"template":"","format":"standard","meta":{"footnotes":""},"categories":[65,60],"tags":[63],"class_list":["post-13152","post","type-post","status-publish","format-standard","hentry","category-gouvernement","category-transports","tag-3e-lien"],"_links":{"self":[{"href":"http:\/\/www.levisurbain.ca\/index.php?rest_route=\/wp\/v2\/posts\/13152","targetHints":{"allow":["GET"]}}],"collection":[{"href":"http:\/\/www.levisurbain.ca\/index.php?rest_route=\/wp\/v2\/posts"}],"about":[{"href":"http:\/\/www.levisurbain.ca\/index.php?rest_route=\/wp\/v2\/types\/post"}],"author":[{"embeddable":true,"href":"http:\/\/www.levisurbain.ca\/index.php?rest_route=\/wp\/v2\/users\/5"}],"replies":[{"embeddable":true,"href":"http:\/\/www.levisurbain.ca\/index.php?rest_route=%2Fwp%2Fv2%2Fcomments&post=13152"}],"version-history":[{"count":0,"href":"http:\/\/www.levisurbain.ca\/index.php?rest_route=\/wp\/v2\/posts\/13152\/revisions"}],"wp:attachment":[{"href":"http:\/\/www.levisurbain.ca\/index.php?rest_route=%2Fwp%2Fv2%2Fmedia&parent=13152"}],"wp:term":[{"taxonomy":"category","embeddable":true,"href":"http:\/\/www.levisurbain.ca\/index.php?rest_route=%2Fwp%2Fv2%2Fcategories&post=13152"},{"taxonomy":"post_tag","embeddable":true,"href":"http:\/\/www.levisurbain.ca\/index.php?rest_route=%2Fwp%2Fv2%2Ftags&post=13152"}],"curies":[{"name":"wp","href":"https:\/\/api.w.org\/{rel}","templated":true}]}}