{"id":13147,"date":"2018-06-08T12:36:07","date_gmt":"2018-06-08T16:36:07","guid":{"rendered":"http:\/\/www.levisurbain.ca\/?p=13147"},"modified":"2018-06-12T12:37:05","modified_gmt":"2018-06-12T16:37:05","slug":"travaux-sur-lavenue-begin-lehouillier-soutient-le-plan-de-match","status":"publish","type":"post","link":"http:\/\/www.levisurbain.ca\/?p=13147","title":{"rendered":"Travaux sur l\u2019avenue B\u00e9gin : Lehouillier soutient le plan de match"},"content":{"rendered":"<p>Article de \u00c9rick Deschesnes. <a href=\"http:\/\/www.journaldelevis.com\/fr\/\" target=\"_blank\" rel=\"noopener\">Le Journal de L\u00e9vis<\/a>.<\/p>\n<div id=\"attachment_13149\" style=\"width: 510px\" class=\"wp-caption aligncenter\"><img loading=\"lazy\" decoding=\"async\" aria-describedby=\"caption-attachment-13149\" class=\"size-full wp-image-13149\" src=\"http:\/\/www.levisurbain.ca\/wp-content\/uploads\/rue_begin-jdlevis-08062018.jpg\" alt=\"\" width=\"500\" height=\"336\" srcset=\"http:\/\/www.levisurbain.ca\/wp-content\/uploads\/rue_begin-jdlevis-08062018.jpg 500w, http:\/\/www.levisurbain.ca\/wp-content\/uploads\/rue_begin-jdlevis-08062018-300x202.jpg 300w\" sizes=\"auto, (max-width: 500px) 100vw, 500px\" \/><p id=\"caption-attachment-13149\" class=\"wp-caption-text\">\u00a9 Cr\u00e9dit photo: Journal de L\u00e9vis.<\/p><\/div>\n<blockquote><p><strong>Critiqu\u00e9e par certains commer\u00e7ants de cette art\u00e8re en raison des effets n\u00e9gatifs appr\u00e9hend\u00e9s des travaux sur l&rsquo;avenue B\u00e9gin, la Ville de L\u00e9vis s&rsquo;est d\u00e9fendue, le 28 mai dernier, de nuire \u00e0 ces derniers. Pour ce faire, le maire de L\u00e9vis, Gilles Lehouillier, a rappel\u00e9 la pluie de mesures mises en place pour permettre aux gens de la r\u00e9gion d&rsquo;avoir un acc\u00e8s en tout temps aux commerces.<\/strong><\/p>\n<p>\u00ab Nous n&rsquo;avons pas le choix de r\u00e9aliser ces travaux. C&rsquo;est un vieux syst\u00e8me d&rsquo;aqueduc et d&rsquo;\u00e9gouts. Il y a de la tuyauterie qui passe sur les terrains \u00e0 l&rsquo;arri\u00e8re de la rue, souvent en dessous des maisons. Ce n&rsquo;est pas une mince t\u00e2che de r\u00e9aliser cela. [\u2026] Jusqu&rsquo;\u00e0 maintenant, nous avons r\u00e9pondu favorablement \u00e0 toutes les demandes exprim\u00e9es par les commer\u00e7ants lors des consultations publiques, sauf de compresser d&rsquo;une semaine ou deux la c\u00e9dule des travaux d&rsquo;une dur\u00e9e de 25 semaines puisque cela co\u00fbterait plus de 500 000 $ \u00bb, a r\u00e9agi M. Lehouillier lors d&rsquo;une m\u00eal\u00e9e de presse le 28 mai.<\/p>\n<p>Rappelons que lanc\u00e9s le 23 mai dernier, les travaux \u00e9valu\u00e9s \u00e0 5,6 M$ permettront de remplacer des conduites souterraines datant de plus de 70 ans ainsi que de r\u00e9am\u00e9nager l&rsquo;avenue B\u00e9gin. Un panneau \u00e9lectrique, qui pourra \u00eatre utilis\u00e9 entre autres pour le Festival Jazz Etcetera de L\u00e9vis, un panneau d&rsquo;information stylis\u00e9 et du mobilier urbain sur mesure seront ajout\u00e9s.<!--more--><\/p>\n<p><a name=\"more\"><\/a>S&rsquo;il convient que le chantier est majeur, le maire de L\u00e9vis a soulign\u00e9 que son administration a tenu plusieurs rencontres, consultation publique, r\u00e9union ou soir\u00e9es d&rsquo;information, pour bien renseigner les commer\u00e7ants et les r\u00e9sidents de l&rsquo;avenue B\u00e9gin.<\/p>\n<p>De plus, Gilles Lehouillier a nomm\u00e9 toutes les mesures de mitigation mises en place, soit la modification des heures de chantier et la r\u00e9alisation des travaux par portions, la construction d&rsquo;une terrasse temporaire sur la rue Joseph-Paquet, la mise en place d&rsquo;un programme de soutien avec pr\u00eats sans int\u00e9r\u00eats jusqu&rsquo;\u00e0 20 000 $ par commer\u00e7ant, l&rsquo;inclusion d&rsquo;un arr\u00eat \u00e0 l&rsquo;avenue B\u00e9gin sur le trajet de la Navette Paquet, la location par la Ville de plus de 280 cases gratuites de stationnement, l&rsquo;ajout de la possibilit\u00e9 de stationner sur certaines rues avoisinantes, l&rsquo;offre compl\u00e8te d&rsquo;outils signal\u00e9tiques \u00e9volutifs pour signaler les acc\u00e8s possibles aux commer\u00e7ants et la pr\u00e9sence en tout temps d&rsquo;un agent de liaison avec le milieu.<\/p>\n<p>Du m\u00eame souffle, le premier citoyen de L\u00e9vis s&rsquo;est dit ouvert \u00e0 la proposition de Chocolats Favoris, un des commer\u00e7ants m\u00e9contents des travaux, de mettre en place un fonds pour acheter des publicit\u00e9s dans les m\u00e9dias locaux.<\/p>\n<p><strong>Prendre le taureau par les cornes<\/strong><br \/>\nDans le m\u00eame ordre d&rsquo;id\u00e9es, le restaurant L&rsquo;Intimiste, \u00e9tablissement situ\u00e9 sur l&rsquo;avenue B\u00e9gin, a annonc\u00e9, le 5 juin, qu&rsquo;il allait demeurer ouvert tout l&rsquo;\u00e9t\u00e9 malgr\u00e9 les travaux.<\/p>\n<p>Des strat\u00e9gies ont \u00e9t\u00e9 mises en \u0153uvre par l&rsquo;entreprise pour amoindrir leur effet, soit en fournissant des renseignements \u00e0 jour \u00e0 la client\u00e8le via la page Facebook de L&rsquo;Intimiste et en offrant en soir\u00e9e le service de navette (sur r\u00e9servation et \u00e0 horaire fixe), d\u00e9j\u00e0 disponible pour les d\u00eeners.<\/p>\n<p>\u00ab Il est vrai que nous vivrons, dans les prochains jours, prochaines semaines, des r\u00e9novations sur notre rue. Il est aussi vrai que ce chantier occasionnera des impr\u00e9vus et des changements pour nos clients. Mais elles sont pr\u00e9vues depuis un certain temps, et nous n&rsquo;avons pas le choix, elles doivent \u00eatre faites. Qu&rsquo;\u00e0 cela ne tienne, nous r\u00e9ussirons \u00e0 bien recevoir nos clients, malgr\u00e9 tout \u00bb, a conclu Martin Patry, le propri\u00e9taire du restaurant gastronomique.<\/p><\/blockquote>\n<p><a href=\"http:\/\/www.journaldelevis.com\/\" target=\"_blank\" rel=\"noopener noreferrer\"><img decoding=\"async\" src=\"http:\/\/www.levisurbain.ca\/wp-content\/uploads\/2017\/04\/jdl_logo2012.png\" alt=\"\" \/><\/a><br \/>\nReproduit avec autorisation.<\/p>\n","protected":false},"excerpt":{"rendered":"<p>Article de \u00c9rick Deschesnes. Le Journal de L\u00e9vis. Critiqu\u00e9e par certains commer\u00e7ants de cette art\u00e8re en raison des effets n\u00e9gatifs appr\u00e9hend\u00e9s des travaux sur l&rsquo;avenue B\u00e9gin, la Ville de L\u00e9vis s&rsquo;est d\u00e9fendue, le 28 mai dernier, de nuire \u00e0 ces derniers. Pour ce faire, le maire de L\u00e9vis, Gilles Lehouillier, a rappel\u00e9 la pluie de\u2026 <span class=\"read-more\"><a href=\"http:\/\/www.levisurbain.ca\/?p=13147\">Lire la suite &raquo;<\/a><\/span><\/p>\n","protected":false},"author":1,"featured_media":0,"comment_status":"open","ping_status":"open","sticky":false,"template":"","format":"standard","meta":{"footnotes":""},"categories":[65,60],"tags":[],"class_list":["post-13147","post","type-post","status-publish","format-standard","hentry","category-gouvernement","category-transports"],"_links":{"self":[{"href":"http:\/\/www.levisurbain.ca\/index.php?rest_route=\/wp\/v2\/posts\/13147","targetHints":{"allow":["GET"]}}],"collection":[{"href":"http:\/\/www.levisurbain.ca\/index.php?rest_route=\/wp\/v2\/posts"}],"about":[{"href":"http:\/\/www.levisurbain.ca\/index.php?rest_route=\/wp\/v2\/types\/post"}],"author":[{"embeddable":true,"href":"http:\/\/www.levisurbain.ca\/index.php?rest_route=\/wp\/v2\/users\/1"}],"replies":[{"embeddable":true,"href":"http:\/\/www.levisurbain.ca\/index.php?rest_route=%2Fwp%2Fv2%2Fcomments&post=13147"}],"version-history":[{"count":0,"href":"http:\/\/www.levisurbain.ca\/index.php?rest_route=\/wp\/v2\/posts\/13147\/revisions"}],"wp:attachment":[{"href":"http:\/\/www.levisurbain.ca\/index.php?rest_route=%2Fwp%2Fv2%2Fmedia&parent=13147"}],"wp:term":[{"taxonomy":"category","embeddable":true,"href":"http:\/\/www.levisurbain.ca\/index.php?rest_route=%2Fwp%2Fv2%2Fcategories&post=13147"},{"taxonomy":"post_tag","embeddable":true,"href":"http:\/\/www.levisurbain.ca\/index.php?rest_route=%2Fwp%2Fv2%2Ftags&post=13147"}],"curies":[{"name":"wp","href":"https:\/\/api.w.org\/{rel}","templated":true}]}}