{"id":12839,"date":"2018-04-18T23:34:24","date_gmt":"2018-04-19T03:34:24","guid":{"rendered":"http:\/\/www.levisurbain.ca\/?p=12839"},"modified":"2018-04-18T23:35:26","modified_gmt":"2018-04-19T03:35:26","slug":"le-groupe-levisien-garneau-investit-6-m","status":"publish","type":"post","link":"http:\/\/www.levisurbain.ca\/?p=12839","title":{"rendered":"Le groupe l\u00e9visien Garneau investit 6 M$"},"content":{"rendered":"<p>Article de Aude Malaret. <a href=\"http:\/\/www.journaldelevis.com\/\" rel=\"noopener\" target=\"_blank\">Le Journal de L\u00e9vis<\/a>.<\/p>\n<blockquote><p><strong>La premi\u00e8re pellet\u00e9e de terre du futur complexe fun\u00e9raire du Groupe Garneau thanatologues a eu lieu ce 18 avril, en pr\u00e9sence des membres de la direction de l&rsquo;entreprise, Val\u00e9rie, Marie \u00c8ve et Jean Garneau, d&rsquo;investisseurs, d&rsquo;\u00e9lus et de l&rsquo;architecte James Leeming du bureau Bilodeau Baril Leeming.<\/strong> <\/p>\n<p>Le projet de plus de 6 M$, construit sur un terrain situ\u00e9 pr\u00e8s de l&rsquo;autoroute 20 \u00e0 L\u00e9vis \u00e0 deux pas du boulevard Alphonse-Desjardins, aura une superficie de 23 845 pieds carr\u00e9s. R\u00e9unis sous le m\u00eame toit, se trouveront trois salles d&rsquo;exposition, une chapelle, un columbarium, deux salles de r\u00e9ception, une salle multifonctions, des bureaux administratifs ainsi que le bureau l\u00e9visien de l&rsquo;organisation Deuil jeunesse. Les activit\u00e9s op\u00e9rationnelles telles que la thanatologie ou le cr\u00e9matorium seront conserv\u00e9es \u00e0 Saint-Romuald. <\/p>\n<p><strong>Les derni\u00e8res innovations<\/strong><br \/>\n\u00ab Avec les changements importants dans le monde fun\u00e9raire, nous voulons \u00eatre des pr\u00e9curseurs. Le nouveau complexe fun\u00e9raire sera construit selon les derni\u00e8res innovations dans notre domaine. De plus en plus, les gens veulent recevoir tous les services fun\u00e9raires au m\u00eame endroit \u00bb, a pr\u00e9sent\u00e9 Marie \u00c8ve Garneau, directrice aux op\u00e9rations et thanatologue.<\/p>\n<p>Misant sur la modernit\u00e9, le futur complexe, dont les travaux viennent de d\u00e9buter, sera construit dans les prochains mois. \u00ab Nous comptons ouvrir pour l&rsquo;Action de gr\u00e2ce, soit pour la longue fin de semaine des 6, 7 et 8 octobre 2018. Nous avons h\u00e2te de pr\u00e9senter notre complexe aux gens de L\u00e9vis \u00bb, a annonc\u00e9 Val\u00e9rie Garneau, directrice aux finances et thanatologue.<!--more--><\/p>\n<p><a name=\"more\"><\/a>Le maire de L\u00e9vis Gilles Lehouillier a tenu \u00e0 souligner \u00ab cette extraordinaire \u00e9volution \u00bb du groupe, une entreprise plus que centenaire rachet\u00e9e en 1980 par la famille Garneau. L&rsquo;\u00e9lu s&rsquo;est \u00e9galement r\u00e9joui que le c\u0153ur de l&rsquo;entreprise se trouve toujours \u00e0 L\u00e9vis, avec ses quelque 150 emplois.<\/p>\n<p><strong>\u00c9volution des succursales<\/strong><br \/>\nLa succursale de la rue Saint-Laurent va quant \u00e0 elle \u00eatre ferm\u00e9e d&rsquo;ici le mois de juin. Le b\u00e2timent de la rue B\u00e9gin a \u00e9t\u00e9 vendu, mais continuera \u00e0 \u00eatre lou\u00e9 par le Groupe Garneau thanatologues. Apr\u00e8s le bail d&rsquo;une dur\u00e9e garantie de un an, l&rsquo;entreprise pourra ensuite choisir de le renouveler ou d&rsquo;y mettre fin selon les besoins de la client\u00e8le. L&rsquo;avenir de la succursale de Lauzon, dont la b\u00e2tisse est aussi en location, sera d\u00e9cid\u00e9 dans les mois \u00e0 venir.<\/p><\/blockquote>\n<p><a href=\"http:\/\/www.journaldelevis.com\/\" target=\"_blank\" rel=\"noopener noreferrer\"><img decoding=\"async\" src=\"http:\/\/www.levisurbain.ca\/wp-content\/uploads\/2017\/04\/jdl_logo2012.png\" alt=\"\" \/><\/a><br \/>\nReproduit avec autorisation.<\/p>\n","protected":false},"excerpt":{"rendered":"<p>Article de Aude Malaret. Le Journal de L\u00e9vis. La premi\u00e8re pellet\u00e9e de terre du futur complexe fun\u00e9raire du Groupe Garneau thanatologues a eu lieu ce 18 avril, en pr\u00e9sence des membres de la direction de l&rsquo;entreprise, Val\u00e9rie, Marie \u00c8ve et Jean Garneau, d&rsquo;investisseurs, d&rsquo;\u00e9lus et de l&rsquo;architecte James Leeming du bureau Bilodeau Baril Leeming. Le\u2026 <span class=\"read-more\"><a href=\"http:\/\/www.levisurbain.ca\/?p=12839\">Lire la suite &raquo;<\/a><\/span><\/p>\n","protected":false},"author":5,"featured_media":0,"comment_status":"open","ping_status":"open","sticky":false,"template":"","format":"standard","meta":{"footnotes":""},"categories":[58],"tags":[],"class_list":["post-12839","post","type-post","status-publish","format-standard","hentry","category-commerce-economie"],"_links":{"self":[{"href":"http:\/\/www.levisurbain.ca\/index.php?rest_route=\/wp\/v2\/posts\/12839","targetHints":{"allow":["GET"]}}],"collection":[{"href":"http:\/\/www.levisurbain.ca\/index.php?rest_route=\/wp\/v2\/posts"}],"about":[{"href":"http:\/\/www.levisurbain.ca\/index.php?rest_route=\/wp\/v2\/types\/post"}],"author":[{"embeddable":true,"href":"http:\/\/www.levisurbain.ca\/index.php?rest_route=\/wp\/v2\/users\/5"}],"replies":[{"embeddable":true,"href":"http:\/\/www.levisurbain.ca\/index.php?rest_route=%2Fwp%2Fv2%2Fcomments&post=12839"}],"version-history":[{"count":0,"href":"http:\/\/www.levisurbain.ca\/index.php?rest_route=\/wp\/v2\/posts\/12839\/revisions"}],"wp:attachment":[{"href":"http:\/\/www.levisurbain.ca\/index.php?rest_route=%2Fwp%2Fv2%2Fmedia&parent=12839"}],"wp:term":[{"taxonomy":"category","embeddable":true,"href":"http:\/\/www.levisurbain.ca\/index.php?rest_route=%2Fwp%2Fv2%2Fcategories&post=12839"},{"taxonomy":"post_tag","embeddable":true,"href":"http:\/\/www.levisurbain.ca\/index.php?rest_route=%2Fwp%2Fv2%2Ftags&post=12839"}],"curies":[{"name":"wp","href":"https:\/\/api.w.org\/{rel}","templated":true}]}}