{"id":12830,"date":"2018-04-13T12:29:22","date_gmt":"2018-04-13T16:29:22","guid":{"rendered":"http:\/\/www.levisurbain.ca\/?p=12830"},"modified":"2018-04-13T12:29:22","modified_gmt":"2018-04-13T16:29:22","slug":"lehouillier-exige-lequite-avec-quebec","status":"publish","type":"post","link":"http:\/\/www.levisurbain.ca\/?p=12830","title":{"rendered":"Lehouillier exige l\u2019\u00e9quit\u00e9 avec Qu\u00e9bec"},"content":{"rendered":"<p>Article de Jean-Fran\u00e7ois N\u00e9ron. <a href=\"https:\/\/www.lesoleil.com\/\" rel=\"noopener\" target=\"_blank\">Le Soleil<\/a>.<\/p>\n<blockquote><p>Le maire de L\u00e9vis estime que sa ville, comme plusieurs autres, est victime de sous-financement de la part du gouvernement du Qu\u00e9bec. Il est \u00ab un peu irrit\u00e9 \u00bb de voir la Ville de Qu\u00e9bec obtenir de l&rsquo;argent pour des projets qu&rsquo;il s&rsquo;est lui-m\u00eame fait refuser.<\/p><\/blockquote>\n<p>=> La suite sur <a href=\"https:\/\/www.lesoleil.com\/actualite\/la-capitale\/lehouillier-exige-lequite-avec-quebec\" rel=\"noopener\" target=\"_blank\">lesoleil.com<\/a>.<\/p>\n","protected":false},"excerpt":{"rendered":"<p>Article de Jean-Fran\u00e7ois N\u00e9ron. Le Soleil. Le maire de L\u00e9vis estime que sa ville, comme plusieurs autres, est victime de sous-financement de la part du gouvernement du Qu\u00e9bec. Il est \u00ab un peu irrit\u00e9 \u00bb de voir la Ville de Qu\u00e9bec obtenir de l&rsquo;argent pour des projets qu&rsquo;il s&rsquo;est lui-m\u00eame fait refuser. => La suite\u2026 <span class=\"read-more\"><a href=\"http:\/\/www.levisurbain.ca\/?p=12830\">Lire la suite &raquo;<\/a><\/span><\/p>\n","protected":false},"author":5,"featured_media":0,"comment_status":"open","ping_status":"open","sticky":false,"template":"","format":"standard","meta":{"footnotes":""},"categories":[65],"tags":[],"class_list":["post-12830","post","type-post","status-publish","format-standard","hentry","category-gouvernement"],"_links":{"self":[{"href":"http:\/\/www.levisurbain.ca\/index.php?rest_route=\/wp\/v2\/posts\/12830","targetHints":{"allow":["GET"]}}],"collection":[{"href":"http:\/\/www.levisurbain.ca\/index.php?rest_route=\/wp\/v2\/posts"}],"about":[{"href":"http:\/\/www.levisurbain.ca\/index.php?rest_route=\/wp\/v2\/types\/post"}],"author":[{"embeddable":true,"href":"http:\/\/www.levisurbain.ca\/index.php?rest_route=\/wp\/v2\/users\/5"}],"replies":[{"embeddable":true,"href":"http:\/\/www.levisurbain.ca\/index.php?rest_route=%2Fwp%2Fv2%2Fcomments&post=12830"}],"version-history":[{"count":0,"href":"http:\/\/www.levisurbain.ca\/index.php?rest_route=\/wp\/v2\/posts\/12830\/revisions"}],"wp:attachment":[{"href":"http:\/\/www.levisurbain.ca\/index.php?rest_route=%2Fwp%2Fv2%2Fmedia&parent=12830"}],"wp:term":[{"taxonomy":"category","embeddable":true,"href":"http:\/\/www.levisurbain.ca\/index.php?rest_route=%2Fwp%2Fv2%2Fcategories&post=12830"},{"taxonomy":"post_tag","embeddable":true,"href":"http:\/\/www.levisurbain.ca\/index.php?rest_route=%2Fwp%2Fv2%2Ftags&post=12830"}],"curies":[{"name":"wp","href":"https:\/\/api.w.org\/{rel}","templated":true}]}}